{"id":10730,"date":"2021-08-21T19:00:57","date_gmt":"2021-08-21T17:00:57","guid":{"rendered":"http:\/\/drammen.katolsk.no\/?p=10730"},"modified":"2021-08-20T17:54:01","modified_gmt":"2021-08-20T15:54:01","slug":"menighetens-kalender-uke-34-4","status":"publish","type":"post","link":"https:\/\/drammen.katolsk.no\/index.php\/2021\/08\/21\/menighetens-kalender-uke-34-4\/","title":{"rendered":"Menighetens kalender uke 34"},"content":{"rendered":"<p><span style=\"color: #009900;\"><strong><span style=\"font-size: 14pt;\"><img loading=\"lazy\" decoding=\"async\" class=\" wp-image-3645 alignleft\" src=\"https:\/\/drammen.katolsk.no\/WordPress\/wp-content\/uploads\/2018\/03\/admin-ajax-150x150.jpg\" alt=\"\" width=\"91\" height=\"91\" data-id=\"3645\" srcset=\"https:\/\/drammen.katolsk.no\/wp-content\/uploads\/2018\/03\/admin-ajax-150x150.jpg 150w, https:\/\/drammen.katolsk.no\/wp-content\/uploads\/2018\/03\/admin-ajax-60x60.jpg 60w\" sizes=\"auto, (max-width: 91px) 100vw, 91px\" \/>S\u00f8ndag 22.08 21. s\u00f8ndag i det alminnelige kirke\u00e5r<\/span><\/strong><\/span><br \/>\n<span style=\"font-size: 12pt;\">Kl 09.00 Messe p\u00e5 polsk<\/span><br \/>\n<span style=\"font-size: 12pt;\">Kl 11.00 H\u00f8ymesse <\/span><br \/>\n<span style=\"font-size: 12pt;\">Kl 13.00 Messe p\u00e5 engelsk<\/span><br \/>\n<span style=\"font-size: 12pt;\">Kl 16.00 Messe p\u00e5 polsk<\/span><\/p>\n<p><span style=\"font-size: 12pt;\"><strong>Mandag 23.08<\/strong><br \/>\nKl 18.00 Messe p\u00e5 norsk<\/span><\/p>\n<p><strong><span style=\"font-size: 12pt;\">Tirsdag 24.08 Den hellige Bartolomeus &#8211; apostel<\/span><\/strong><br \/>\n<span style=\"font-size: 12pt;\">Kl 18.00 Messe p\u00e5 norsk<\/span><\/p>\n<p><span style=\"font-size: 12pt;\"><strong>Onsdag 25.08<\/strong><br \/>\nKl 18.00 Messe p\u00e5 norsk<\/span><\/p>\n<p><span style=\"font-size: 12pt;\"><strong>Torsdag 26.08<\/strong><br \/>\nKl 18.00 Messe p\u00e5 norsk<\/span><\/p>\n<p><strong><span style=\"font-size: 12pt;\">Fredag 27.08 Den hellige Monika<\/span><\/strong><br \/>\n<span style=\"font-size: 12pt;\">Kl 18.00 Messe p\u00e5 norsk<\/span><\/p>\n<p><strong><span style=\"font-size: 12pt;\">L\u00f8rdag 28.08 Den hellige Augustin<\/span><\/strong><br \/>\n<span style=\"font-size: 12pt;\">Kl 13.00 S\u00f8ndagsmesse p\u00e5 norsk<\/span><br \/>\n<span style=\"font-size: 12pt;\">Kl 19.00 S\u00f8ndagsmesse p\u00e5 polsk<\/span><\/p>\n<p><span style=\"font-size: 14pt; color: #ff0000;\"><strong>S\u00f8ndag 29.08 PATRONATSFEST &#8211; ST. LAURENTIUSFEIRING<\/strong><\/span><\/p>\n<p><span style=\"font-size: 12pt; color: #ff0000;\">Kl 11.00 &#8211; H\u00f8ytidlig patronatsfeiring<\/span><br \/>\n<span style=\"font-size: 12pt; color: #ff0000;\">Startes med prosesjon etterfuglt av flerspr\u00e5klige messefeiring <\/span><br \/>\n<span style=\"font-size: 12pt; color: #ff0000;\">avsluttes med felles festkirkekafe<\/span><\/p>\n","protected":false},"excerpt":{"rendered":"<p>S\u00f8ndag 22.08 21. s\u00f8ndag i det alminnelige kirke\u00e5r Kl 09.00 Messe p\u00e5 polsk Kl 11.00 H\u00f8ymesse Kl 13.00 Messe p\u00e5<\/p>\n","protected":false},"author":2,"featured_media":0,"comment_status":"closed","ping_status":"open","sticky":false,"template":"","format":"standard","meta":{"colormag_page_container_layout":"default_layout","colormag_page_sidebar_layout":"default_layout","ngg_post_thumbnail":0,"_jetpack_memberships_contains_paid_content":false,"footnotes":""},"categories":[10,5],"tags":[],"class_list":["post-10730","post","type-post","status-publish","format-standard","hentry","category-kunngjoringer","category-messetider"],"jetpack_featured_media_url":"","jetpack_sharing_enabled":true,"_links":{"self":[{"href":"https:\/\/drammen.katolsk.no\/index.php\/wp-json\/wp\/v2\/posts\/10730","targetHints":{"allow":["GET"]}}],"collection":[{"href":"https:\/\/drammen.katolsk.no\/index.php\/wp-json\/wp\/v2\/posts"}],"about":[{"href":"https:\/\/drammen.katolsk.no\/index.php\/wp-json\/wp\/v2\/types\/post"}],"author":[{"embeddable":true,"href":"https:\/\/drammen.katolsk.no\/index.php\/wp-json\/wp\/v2\/users\/2"}],"replies":[{"embeddable":true,"href":"https:\/\/drammen.katolsk.no\/index.php\/wp-json\/wp\/v2\/comments?post=10730"}],"version-history":[{"count":3,"href":"https:\/\/drammen.katolsk.no\/index.php\/wp-json\/wp\/v2\/posts\/10730\/revisions"}],"predecessor-version":[{"id":10733,"href":"https:\/\/drammen.katolsk.no\/index.php\/wp-json\/wp\/v2\/posts\/10730\/revisions\/10733"}],"wp:attachment":[{"href":"https:\/\/drammen.katolsk.no\/index.php\/wp-json\/wp\/v2\/media?parent=10730"}],"wp:term":[{"taxonomy":"category","embeddable":true,"href":"https:\/\/drammen.katolsk.no\/index.php\/wp-json\/wp\/v2\/categories?post=10730"},{"taxonomy":"post_tag","embeddable":true,"href":"https:\/\/drammen.katolsk.no\/index.php\/wp-json\/wp\/v2\/tags?post=10730"}],"curies":[{"name":"wp","href":"https:\/\/api.w.org\/{rel}","templated":true}]}}