{"id":10741,"date":"2021-08-28T19:00:06","date_gmt":"2021-08-28T17:00:06","guid":{"rendered":"http:\/\/drammen.katolsk.no\/?p=10741"},"modified":"2021-08-31T23:57:37","modified_gmt":"2021-08-31T21:57:37","slug":"menighetens-kalender-uke-35-3","status":"publish","type":"post","link":"https:\/\/drammen.katolsk.no\/index.php\/2021\/08\/28\/menighetens-kalender-uke-35-3\/","title":{"rendered":"Menighetens kalender uke 35"},"content":{"rendered":"<p><span style=\"color: #ff0000;\"><strong><span style=\"font-size: 14pt;\"><img loading=\"lazy\" decoding=\"async\" class=\"wp-image-3645 alignleft\" src=\"https:\/\/drammen.katolsk.no\/WordPress\/wp-content\/uploads\/2018\/03\/admin-ajax-150x150.jpg\" alt=\"\" width=\"83\" height=\"83\" data-id=\"3645\" srcset=\"https:\/\/drammen.katolsk.no\/wp-content\/uploads\/2018\/03\/admin-ajax-150x150.jpg 150w, https:\/\/drammen.katolsk.no\/wp-content\/uploads\/2018\/03\/admin-ajax-60x60.jpg 60w\" sizes=\"auto, (max-width: 83px) 100vw, 83px\" \/>&nbsp;S\u00f8ndag 29.08 PATRONATSFEST &#8211; ST. LAURENTIUSFEIRING<\/span><\/strong><\/span><\/p>\n<p><span style=\"font-size: 12pt; color: #ff0000;\">Kl 11.00 &#8211; H\u00f8ytidlig patronatsfeiring<\/span><br \/>\n<span style=\"font-size: 12pt; color: #ff0000;\">Startes med prosesjon etterfuglt av flerspr\u00e5klige messefeiring <\/span><br \/>\n<span style=\"font-size: 12pt; color: #ff0000;\">avsluttes med felles festkirkekafe<\/span><\/p>\n<p><span style=\"font-size: 12pt;\"><strong>Mandag 30.08<\/strong><br \/>\nKl 18.00 Messe p\u00e5 norsk<\/span><\/p>\n<p><span style=\"font-size: 12pt;\"><strong>Tirsdag 31.08<\/strong><br \/>\nKl 18.00 Messe p\u00e5 norsk<\/span><\/p>\n<p><span style=\"font-size: 12pt;\"><strong>Onsdag 01.09<\/strong><br \/>\nKl 18.00 Messe p\u00e5 norsk<\/span><\/p>\n<p><span style=\"font-size: 12pt;\"><strong>Torsdag 02.09<\/strong><br \/>\nKl 18.00 Messe p\u00e5 norsk<\/span><\/p>\n<p><strong><span style=\"font-size: 12pt;\">Fredag 03.09 Den hellige Gregor den Store<\/span><\/strong><br \/>\n<span style=\"font-size: 12pt;\">Kl 18.00 Messe p\u00e5 norsk<br \/>\nKl 19.30 Messe p\u00e5 polsk<br \/>\n<\/span><\/p>\n<p><span style=\"font-size: 12pt;\"><span style=\"color: #ff0000;\"><strong>L\u00f8rdag 04.09<br \/>\nKl 10.00 \u00c5pningsdag for katekese<\/strong><\/span><br \/>\nKl 13.00 Messe med barneopplegg<br \/>\nKl 13.00 S\u00f8ndagsmesse p\u00e5 filippinsk<br \/>\n<\/span><span style=\"font-size: 12pt;\">Kl 19.00 S\u00f8ndagsmesse p\u00e5 polsk<\/span><\/p>\n<p><span style=\"color: #009900;\"><strong><span style=\"font-size: 14pt;\">S\u00f8ndag 05.09&nbsp; 23. s\u00f8ndag i det alminnelige kirke\u00e5r<\/span><\/strong><\/span><br \/>\n<span style=\"font-size: 12pt;\">Kl 09.00 Messe p\u00e5 polsk<\/span><br \/>\n<span style=\"font-size: 12pt;\">Kl 11.00 H\u00f8ymesse <\/span><br \/>\n<span style=\"font-size: 12pt;\">Kl 13.00 Messe p\u00e5 vietnamesisk<\/span><br \/>\n<span style=\"font-size: 12pt;\">Kl 16.00 Messe p\u00e5 polsk<\/span><\/p>\n","protected":false},"excerpt":{"rendered":"<p>&nbsp;S\u00f8ndag 29.08 PATRONATSFEST &#8211; ST. LAURENTIUSFEIRING Kl 11.00 &#8211; H\u00f8ytidlig patronatsfeiring Startes med prosesjon etterfuglt av flerspr\u00e5klige messefeiring avsluttes med<\/p>\n","protected":false},"author":2,"featured_media":0,"comment_status":"closed","ping_status":"open","sticky":false,"template":"","format":"standard","meta":{"colormag_page_container_layout":"default_layout","colormag_page_sidebar_layout":"default_layout","ngg_post_thumbnail":0,"_jetpack_memberships_contains_paid_content":false,"footnotes":""},"categories":[10,5],"tags":[],"class_list":["post-10741","post","type-post","status-publish","format-standard","hentry","category-kunngjoringer","category-messetider"],"jetpack_featured_media_url":"","jetpack_sharing_enabled":true,"_links":{"self":[{"href":"https:\/\/drammen.katolsk.no\/index.php\/wp-json\/wp\/v2\/posts\/10741","targetHints":{"allow":["GET"]}}],"collection":[{"href":"https:\/\/drammen.katolsk.no\/index.php\/wp-json\/wp\/v2\/posts"}],"about":[{"href":"https:\/\/drammen.katolsk.no\/index.php\/wp-json\/wp\/v2\/types\/post"}],"author":[{"embeddable":true,"href":"https:\/\/drammen.katolsk.no\/index.php\/wp-json\/wp\/v2\/users\/2"}],"replies":[{"embeddable":true,"href":"https:\/\/drammen.katolsk.no\/index.php\/wp-json\/wp\/v2\/comments?post=10741"}],"version-history":[{"count":5,"href":"https:\/\/drammen.katolsk.no\/index.php\/wp-json\/wp\/v2\/posts\/10741\/revisions"}],"predecessor-version":[{"id":10777,"href":"https:\/\/drammen.katolsk.no\/index.php\/wp-json\/wp\/v2\/posts\/10741\/revisions\/10777"}],"wp:attachment":[{"href":"https:\/\/drammen.katolsk.no\/index.php\/wp-json\/wp\/v2\/media?parent=10741"}],"wp:term":[{"taxonomy":"category","embeddable":true,"href":"https:\/\/drammen.katolsk.no\/index.php\/wp-json\/wp\/v2\/categories?post=10741"},{"taxonomy":"post_tag","embeddable":true,"href":"https:\/\/drammen.katolsk.no\/index.php\/wp-json\/wp\/v2\/tags?post=10741"}],"curies":[{"name":"wp","href":"https:\/\/api.w.org\/{rel}","templated":true}]}}