{"id":10782,"date":"2021-09-04T19:00:00","date_gmt":"2021-09-04T17:00:00","guid":{"rendered":"http:\/\/drammen.katolsk.no\/?p=10782"},"modified":"2021-09-04T00:03:56","modified_gmt":"2021-09-03T22:03:56","slug":"menighetens-kalender-uke-36-3","status":"publish","type":"post","link":"https:\/\/drammen.katolsk.no\/index.php\/2021\/09\/04\/menighetens-kalender-uke-36-3\/","title":{"rendered":"Menighetens kalender uke 36"},"content":{"rendered":"<p><span style=\"color: #009900;\"><strong><span style=\"font-size: 14pt;\"><img loading=\"lazy\" decoding=\"async\" class=\"wp-image-3645 alignleft\" src=\"https:\/\/drammen.katolsk.no\/WordPress\/wp-content\/uploads\/2018\/03\/admin-ajax-150x150.jpg\" alt=\"\" width=\"83\" height=\"83\" data-id=\"3645\" srcset=\"https:\/\/drammen.katolsk.no\/wp-content\/uploads\/2018\/03\/admin-ajax-150x150.jpg 150w, https:\/\/drammen.katolsk.no\/wp-content\/uploads\/2018\/03\/admin-ajax-60x60.jpg 60w\" sizes=\"auto, (max-width: 83px) 100vw, 83px\" \/>&nbsp;S\u00f8ndag 05.09&nbsp; &nbsp;23. s\u00f8ndag i det alminnelige kirke\u00e5r<\/span><\/strong><\/span><br \/>\n<span style=\"font-size: 12pt;\">Kl 09.00 Messe p\u00e5 polsk<\/span><br \/>\n<span style=\"font-size: 12pt;\">Kl 11.00 H\u00f8ymesse <\/span><br \/>\n<span style=\"font-size: 12pt;\">Kl 13.00 Messe p\u00e5 vietnamesisk<\/span><br \/>\n<span style=\"font-size: 12pt;\">Kl 16.00 Messe p\u00e5 polsk<\/span><\/p>\n<p><span style=\"font-size: 12pt;\"><strong>Mandag 06.09<\/strong><br \/>\nKl 18.00 Messe p\u00e5 norsk<\/span><\/p>\n<p><span style=\"font-size: 12pt;\"><strong>Tirsdag 07.09<\/strong><br \/>\nKl 18.00 Messe p\u00e5 norsk<\/span><\/p>\n<p><strong><span style=\"font-size: 12pt;\">Onsdag 08.09 Jomfru Marias f\u00f8dsel<\/span><\/strong><br \/>\n<span style=\"font-size: 12pt;\">Kl 18.00 Messe p\u00e5 norsk<\/span><\/p>\n<p><span style=\"font-size: 12pt;\"><strong>Torsdag 09.09<\/strong><br \/>\nKl 18.00 Messe p\u00e5 norsk<\/span><\/p>\n<p><span style=\"font-size: 12pt;\"><strong>Fredag 10.09<\/strong><br \/>\nKl 17.00 Skriftem\u00e5l til konfirmanter<\/span><br \/>\n<span style=\"font-size: 12pt;\">Kl 18.00 Messe p\u00e5 norsk<\/span><\/p>\n<p><strong><span style=\"font-size: 12pt; color: #ff0000;\">L\u00f8rdag 11.09 KONFIRMASJONSFEIRING<\/span><\/strong><br \/>\n<span style=\"font-size: 12pt; color: #ff0000;\">Kl 11.00 Fermingsmesse<\/span><br \/>\n<span style=\"font-size: 12pt;\">Kl 13.00 S\u00f8ndagsmesse p\u00e5 norsk<\/span><br \/>\n<span style=\"font-size: 12pt;\">Kl 19.00 S\u00f8ndagsmesse p\u00e5 polsk<\/span><br \/>\n<span style=\"font-size: 14pt;\"><strong><span style=\"color: #009900;\">S\u00f8ndag 12.09&nbsp; &nbsp;24. s\u00f8ndag i det alminnelige kirke\u00e5r<\/span><\/strong><\/span><br \/>\n<span style=\"font-size: 12pt;\">Kl 09.00 Messe p\u00e5 polsk<\/span><br \/>\n<span style=\"font-size: 12pt;\">Kl 11.00 H\u00f8ymesse <\/span><br \/>\n<span style=\"font-size: 12pt;\">Kl 13.00 Messe p\u00e5 engelsk<\/span><br \/>\n<span style=\"font-size: 12pt;\">Kl 16.00 Messe p\u00e5 polsk<\/span><\/p>\n","protected":false},"excerpt":{"rendered":"<p>&nbsp;S\u00f8ndag 05.09&nbsp; &nbsp;23. s\u00f8ndag i det alminnelige kirke\u00e5r Kl 09.00 Messe p\u00e5 polsk Kl 11.00 H\u00f8ymesse Kl 13.00 Messe p\u00e5<\/p>\n","protected":false},"author":2,"featured_media":0,"comment_status":"closed","ping_status":"open","sticky":false,"template":"","format":"standard","meta":{"colormag_page_container_layout":"default_layout","colormag_page_sidebar_layout":"default_layout","ngg_post_thumbnail":0,"_jetpack_memberships_contains_paid_content":false,"footnotes":""},"categories":[10],"tags":[],"class_list":["post-10782","post","type-post","status-publish","format-standard","hentry","category-kunngjoringer"],"jetpack_featured_media_url":"","jetpack_sharing_enabled":true,"_links":{"self":[{"href":"https:\/\/drammen.katolsk.no\/index.php\/wp-json\/wp\/v2\/posts\/10782","targetHints":{"allow":["GET"]}}],"collection":[{"href":"https:\/\/drammen.katolsk.no\/index.php\/wp-json\/wp\/v2\/posts"}],"about":[{"href":"https:\/\/drammen.katolsk.no\/index.php\/wp-json\/wp\/v2\/types\/post"}],"author":[{"embeddable":true,"href":"https:\/\/drammen.katolsk.no\/index.php\/wp-json\/wp\/v2\/users\/2"}],"replies":[{"embeddable":true,"href":"https:\/\/drammen.katolsk.no\/index.php\/wp-json\/wp\/v2\/comments?post=10782"}],"version-history":[{"count":1,"href":"https:\/\/drammen.katolsk.no\/index.php\/wp-json\/wp\/v2\/posts\/10782\/revisions"}],"predecessor-version":[{"id":10783,"href":"https:\/\/drammen.katolsk.no\/index.php\/wp-json\/wp\/v2\/posts\/10782\/revisions\/10783"}],"wp:attachment":[{"href":"https:\/\/drammen.katolsk.no\/index.php\/wp-json\/wp\/v2\/media?parent=10782"}],"wp:term":[{"taxonomy":"category","embeddable":true,"href":"https:\/\/drammen.katolsk.no\/index.php\/wp-json\/wp\/v2\/categories?post=10782"},{"taxonomy":"post_tag","embeddable":true,"href":"https:\/\/drammen.katolsk.no\/index.php\/wp-json\/wp\/v2\/tags?post=10782"}],"curies":[{"name":"wp","href":"https:\/\/api.w.org\/{rel}","templated":true}]}}