{"id":11668,"date":"2022-01-29T19:29:39","date_gmt":"2022-01-29T18:29:39","guid":{"rendered":"http:\/\/drammen.katolsk.no\/?p=11668"},"modified":"2022-01-30T09:51:33","modified_gmt":"2022-01-30T08:51:33","slug":"menighetens-kalender-uke-5-5","status":"publish","type":"post","link":"https:\/\/drammen.katolsk.no\/index.php\/2022\/01\/29\/menighetens-kalender-uke-5-5\/","title":{"rendered":"Menighetens kalender uke 5"},"content":{"rendered":"<p><span style=\"font-size: 14pt; color: #4c9900;\"><strong><img loading=\"lazy\" decoding=\"async\" class=\"wp-image-3645 alignleft\" src=\"https:\/\/drammen.katolsk.no\/WordPress\/wp-content\/uploads\/2018\/03\/admin-ajax-150x150.jpg\" alt=\"\" width=\"70\" height=\"70\" data-id=\"3645\" srcset=\"https:\/\/drammen.katolsk.no\/wp-content\/uploads\/2018\/03\/admin-ajax-150x150.jpg 150w, https:\/\/drammen.katolsk.no\/wp-content\/uploads\/2018\/03\/admin-ajax-60x60.jpg 60w\" sizes=\"auto, (max-width: 70px) 100vw, 70px\" \/>S\u00f8ndag 30.01&nbsp; 4. s\u00f8ndag i det alminnelige kirke\u00e5r<\/strong><\/span><br \/>\n<span style=\"font-size: 12pt;\">Kl 09.00 Messe p\u00e5 polsk <\/span><br \/>\n<span style=\"font-size: 12pt;\">Kl 11.00 H\u00f8ymesse <\/span><br \/>\n<span style=\"font-size: 12pt;\">Kl 13.00 Messe p\u00e5 engelsk<\/span><br \/>\n<span style=\"font-size: 12pt;\">Kl 16.00 Messe p\u00e5 polsk<\/span><\/p>\n<p><strong><span style=\"font-size: 12pt;\">Mandag 31.01 Den hellige Johannes Bosco<\/span><\/strong><br \/>\n<span style=\"font-size: 12pt;\">Kl 18.00 Messe p\u00e5 norsk<\/span><\/p>\n<p><span style=\"font-size: 12pt;\"><strong>Tirsdag 01.02<\/strong><br \/>\nKl 18.00 Messe p\u00e5 norsk<\/span><\/p>\n<p><span style=\"color: #ff0000;\"><strong><span style=\"font-size: 12pt;\">Onsdag 02.02 Herrens fremstilling i tempelet<\/span><\/strong><\/span><br \/>\n<strong><span style=\"font-size: 12pt; color: #ff0000;\">Kl 18.00 Messe p\u00e5 norsk<\/span><\/strong><\/p>\n<p><strong><span style=\"font-size: 12pt;\">Torsdag 03.02 Den hellige Ansgar<\/span><\/strong><br \/>\n<span style=\"font-size: 12pt;\">Kl 18.00 Messe p\u00e5 norsk<\/span><\/p>\n<p><span style=\"font-size: 12pt;\"><strong>Fredag 04.02<\/strong><br \/>\nKl 18.00 Messe p\u00e5 norsk<\/span><br \/>\n<span style=\"font-size: 12pt;\">Kl 19.30 Messe p\u00e5 polsk<\/span><\/p>\n<p><strong><span style=\"font-size: 12pt;\">L\u00f8rdag 05.02 Den hellige Agathe<\/span><\/strong><br \/>\n<strong><span style=\"font-size: 12pt; color: #ff7f00;\">Kl 10.00 L\u00f8rdagskatekese<\/span><\/strong><br \/>\n<span style=\"font-size: 12pt;\">Kl 13.00 S\u00f8ndagsmesse p\u00e5 norsk<\/span><br \/>\n<span style=\"font-size: 12pt;\">Kl 19.00 S\u00f8ndagsmesse p\u00e5 polsk<\/span><\/p>\n<p><span style=\"font-size: 14pt; color: #4c9900;\"><strong>S\u00f8ndag 06.02&nbsp; 5. s\u00f8ndag i det alminnelige kirke\u00e5r<\/strong><\/span><br \/>\n<span style=\"font-size: 12pt;\">Kl 09.00 Messe p\u00e5 polsk <\/span><br \/>\n<span style=\"font-size: 12pt;\">Kl 11.00 H\u00f8ymesse <\/span><br \/>\n<span style=\"font-size: 12pt;\">Kl 13.00 Messe p\u00e5 vietnamesisk<\/span><br \/>\n<span style=\"font-size: 12pt;\">Kl 16.00 Messe p\u00e5 polsk<\/span><\/p>\n","protected":false},"excerpt":{"rendered":"<p>S\u00f8ndag 30.01&nbsp; 4. s\u00f8ndag i det alminnelige kirke\u00e5r Kl 09.00 Messe p\u00e5 polsk Kl 11.00 H\u00f8ymesse Kl 13.00 Messe p\u00e5<\/p>\n","protected":false},"author":2,"featured_media":0,"comment_status":"closed","ping_status":"open","sticky":false,"template":"","format":"standard","meta":{"colormag_page_container_layout":"default_layout","colormag_page_sidebar_layout":"default_layout","ngg_post_thumbnail":0,"_jetpack_memberships_contains_paid_content":false,"footnotes":""},"categories":[5],"tags":[],"class_list":["post-11668","post","type-post","status-publish","format-standard","hentry","category-messetider"],"jetpack_featured_media_url":"","jetpack_sharing_enabled":true,"_links":{"self":[{"href":"https:\/\/drammen.katolsk.no\/index.php\/wp-json\/wp\/v2\/posts\/11668","targetHints":{"allow":["GET"]}}],"collection":[{"href":"https:\/\/drammen.katolsk.no\/index.php\/wp-json\/wp\/v2\/posts"}],"about":[{"href":"https:\/\/drammen.katolsk.no\/index.php\/wp-json\/wp\/v2\/types\/post"}],"author":[{"embeddable":true,"href":"https:\/\/drammen.katolsk.no\/index.php\/wp-json\/wp\/v2\/users\/2"}],"replies":[{"embeddable":true,"href":"https:\/\/drammen.katolsk.no\/index.php\/wp-json\/wp\/v2\/comments?post=11668"}],"version-history":[{"count":3,"href":"https:\/\/drammen.katolsk.no\/index.php\/wp-json\/wp\/v2\/posts\/11668\/revisions"}],"predecessor-version":[{"id":11671,"href":"https:\/\/drammen.katolsk.no\/index.php\/wp-json\/wp\/v2\/posts\/11668\/revisions\/11671"}],"wp:attachment":[{"href":"https:\/\/drammen.katolsk.no\/index.php\/wp-json\/wp\/v2\/media?parent=11668"}],"wp:term":[{"taxonomy":"category","embeddable":true,"href":"https:\/\/drammen.katolsk.no\/index.php\/wp-json\/wp\/v2\/categories?post=11668"},{"taxonomy":"post_tag","embeddable":true,"href":"https:\/\/drammen.katolsk.no\/index.php\/wp-json\/wp\/v2\/tags?post=11668"}],"curies":[{"name":"wp","href":"https:\/\/api.w.org\/{rel}","templated":true}]}}