{"id":12064,"date":"2022-04-19T09:22:20","date_gmt":"2022-04-19T07:22:20","guid":{"rendered":"http:\/\/drammen.katolsk.no\/?p=12064"},"modified":"2022-04-19T09:22:41","modified_gmt":"2022-04-19T07:22:41","slug":"menighetens-kalender-uke-16-3","status":"publish","type":"post","link":"https:\/\/drammen.katolsk.no\/index.php\/2022\/04\/19\/menighetens-kalender-uke-16-3\/","title":{"rendered":"Menighetens kalender uke 16"},"content":{"rendered":"<p><span style=\"font-size: 14pt; color: #ff0000;\"><strong><img loading=\"lazy\" decoding=\"async\" class=\" wp-image-3645 alignleft\" src=\"https:\/\/drammen.katolsk.no\/WordPress\/wp-content\/uploads\/2018\/03\/admin-ajax-150x150.jpg\" alt=\"\" width=\"71\" height=\"71\" data-id=\"3645\" srcset=\"https:\/\/drammen.katolsk.no\/wp-content\/uploads\/2018\/03\/admin-ajax-150x150.jpg 150w, https:\/\/drammen.katolsk.no\/wp-content\/uploads\/2018\/03\/admin-ajax-60x60.jpg 60w\" sizes=\"auto, (max-width: 71px) 100vw, 71px\" \/>S\u00f8ndag 17.04&nbsp; P\u00e5skes\u00f8ndag<\/strong><\/span><br \/>\n<span style=\"font-size: 12pt; color: #ff0000;\">Kl 07.00 P\u00e5skemesse p\u00e5 polsk<\/span><br \/>\n<span style=\"font-size: 12pt; color: #ff0000;\">Kl 11.00 P\u00e5skeh\u00f8ymesse <\/span><br \/>\n<span style=\"font-size: 12pt; color: #ff0000;\">Kl 13.00 P\u00e5skefeiring p\u00e5 vietnamesisk<\/span><br \/>\n<span style=\"font-size: 12pt; color: #ff0000;\">Kl 16.00 P\u00e5skemesse p\u00e5 polsk<\/span><\/p>\n<p><strong><span style=\"font-size: 12pt; color: #cc6600;\">Mandag 18.04 Annen p\u00e5skedag<\/span><\/strong><br \/>\n<span style=\"font-size: 12pt;\">Kl 09.00 Messe p\u00e5 polsk<\/span><br \/>\n<span style=\"font-size: 12pt;\">Kl 11.00 Messe p\u00e5 norsk<\/span><\/p>\n<p><span style=\"font-size: 12pt;\"><strong>Tirsdag 19.04<\/strong><br \/>\nKl 18.00 Messe p\u00e5 norsk<\/span><\/p>\n<p><span style=\"font-size: 12pt;\"><strong>Onsdag 20.04<\/strong><br \/>\nKl 18.00 Messe p\u00e5 norsk<\/span><\/p>\n<p><span style=\"font-size: 12pt;\"><strong>Torsdag 21.04<\/strong><br \/>\nKl 18.00 Messe p\u00e5 norsk<\/span><\/p>\n<p><span style=\"font-size: 12pt;\"><strong>Fredag 22.04<\/strong><br \/>\nKl 18.00 Messe p\u00e5 norsk<\/span><br \/>\n<span style=\"font-size: 12pt;\">Kl 19.00 Messe p\u00e5 spansk<\/span><\/p>\n<p><span style=\"font-size: 12pt;\"><strong>L\u00f8rdag 23.04<\/strong><br \/>\nKl 13.00 S\u00f8ndagsmesse p\u00e5 norsk<\/span><br \/>\n<span style=\"font-size: 12pt;\">Kl 19.00 S\u00f8ndagsmesse p\u00e5 polsk<\/span><\/p>\n<p><span style=\"font-size: 14pt; color: #cc6600;\"><strong>S\u00f8ndag 24.04&nbsp; &nbsp;2.s\u00f8ndag i p\u00e5sketiden<\/strong><\/span><br \/>\n<span style=\"font-size: 12pt;\">Kl 09.00 Messe p\u00e5 polsk <\/span><br \/>\n<span style=\"font-size: 12pt;\">Kl 11.00 H\u00f8ymesse <\/span><br \/>\n<span style=\"font-size: 12pt;\">Kl 12.15 S\u00f8ndagsskole etterfulgt med messe for familier<\/span><br \/>\n<span style=\"font-size: 12pt;\">Kl 16.00 Messe p\u00e5 polsk<\/span><\/p>\n","protected":false},"excerpt":{"rendered":"<p>S\u00f8ndag 17.04&nbsp; P\u00e5skes\u00f8ndag Kl 07.00 P\u00e5skemesse p\u00e5 polsk Kl 11.00 P\u00e5skeh\u00f8ymesse Kl 13.00 P\u00e5skefeiring p\u00e5 vietnamesisk Kl 16.00 P\u00e5skemesse p\u00e5<\/p>\n","protected":false},"author":2,"featured_media":0,"comment_status":"closed","ping_status":"open","sticky":false,"template":"","format":"standard","meta":{"colormag_page_container_layout":"default_layout","colormag_page_sidebar_layout":"default_layout","ngg_post_thumbnail":0,"_jetpack_memberships_contains_paid_content":false,"footnotes":""},"categories":[5],"tags":[],"class_list":["post-12064","post","type-post","status-publish","format-standard","hentry","category-messetider"],"jetpack_featured_media_url":"","jetpack_sharing_enabled":true,"_links":{"self":[{"href":"https:\/\/drammen.katolsk.no\/index.php\/wp-json\/wp\/v2\/posts\/12064","targetHints":{"allow":["GET"]}}],"collection":[{"href":"https:\/\/drammen.katolsk.no\/index.php\/wp-json\/wp\/v2\/posts"}],"about":[{"href":"https:\/\/drammen.katolsk.no\/index.php\/wp-json\/wp\/v2\/types\/post"}],"author":[{"embeddable":true,"href":"https:\/\/drammen.katolsk.no\/index.php\/wp-json\/wp\/v2\/users\/2"}],"replies":[{"embeddable":true,"href":"https:\/\/drammen.katolsk.no\/index.php\/wp-json\/wp\/v2\/comments?post=12064"}],"version-history":[{"count":1,"href":"https:\/\/drammen.katolsk.no\/index.php\/wp-json\/wp\/v2\/posts\/12064\/revisions"}],"predecessor-version":[{"id":12065,"href":"https:\/\/drammen.katolsk.no\/index.php\/wp-json\/wp\/v2\/posts\/12064\/revisions\/12065"}],"wp:attachment":[{"href":"https:\/\/drammen.katolsk.no\/index.php\/wp-json\/wp\/v2\/media?parent=12064"}],"wp:term":[{"taxonomy":"category","embeddable":true,"href":"https:\/\/drammen.katolsk.no\/index.php\/wp-json\/wp\/v2\/categories?post=12064"},{"taxonomy":"post_tag","embeddable":true,"href":"https:\/\/drammen.katolsk.no\/index.php\/wp-json\/wp\/v2\/tags?post=12064"}],"curies":[{"name":"wp","href":"https:\/\/api.w.org\/{rel}","templated":true}]}}