{"id":12760,"date":"2022-10-14T06:49:10","date_gmt":"2022-10-14T04:49:10","guid":{"rendered":"http:\/\/drammen.katolsk.no\/?p=12760"},"modified":"2022-10-14T06:49:56","modified_gmt":"2022-10-14T04:49:56","slug":"menighetens-kalender-uke-42-5","status":"publish","type":"post","link":"https:\/\/drammen.katolsk.no\/index.php\/2022\/10\/14\/menighetens-kalender-uke-42-5\/","title":{"rendered":"Menighetens kalender uke 42"},"content":{"rendered":"<p><span style=\"font-size: 14pt; color: #009900;\"><strong><img loading=\"lazy\" decoding=\"async\" class=\"wp-image-3645 alignleft\" src=\"https:\/\/drammen.katolsk.no\/WordPress\/wp-content\/uploads\/2018\/03\/admin-ajax-150x150.jpg\" alt=\"\" width=\"78\" height=\"78\" data-id=\"3645\" srcset=\"https:\/\/drammen.katolsk.no\/wp-content\/uploads\/2018\/03\/admin-ajax-150x150.jpg 150w, https:\/\/drammen.katolsk.no\/wp-content\/uploads\/2018\/03\/admin-ajax-60x60.jpg 60w\" sizes=\"auto, (max-width: 78px) 100vw, 78px\" \/>S\u00f8ndag 16.10&nbsp; &nbsp;29. S\u00d8NDAG I DET ALMINNELIGE KIRKE\u00c5R <\/strong><\/span><br \/>\n<span style=\"font-size: 12pt;\">Kl 09.00 Messe p\u00e5 polsk<\/span><br \/>\n<span style=\"font-size: 12pt;\">Kl 11.00 H\u00f8ymesse<\/span><br \/>\n<span style=\"font-size: 12pt;\">Kl 16.00 Messe p\u00e5 polsk<\/span><\/p>\n<p><strong><span style=\"font-size: 12pt;\">Mandag 17.10 Den hellige Ignatius av Antiokia<\/span><\/strong><br \/>\n<span style=\"font-size: 12pt;\">Kl 17.30 Rosenkrans etterfulgt av messe<\/span><\/p>\n<p><strong><span style=\"font-size: 12pt;\">Tirsdag 18.10 Evangelisten Lukas<\/span><\/strong><br \/>\n<span style=\"font-size: 12pt;\">Kl 17.30 Rosenkrans etterfulgt av messe<\/span><\/p>\n<p><span style=\"font-size: 12pt;\"><strong>Onsdag 19.10<\/strong><br \/>\nKl 17.30 Rosenkrans etterfulgt av messe<\/span><\/p>\n<p><span style=\"font-size: 12pt;\"><strong>Torsdag 20.10<\/strong><br \/>\nKl 17.30 Rosenkrans etterfulgt av messe<\/span><\/p>\n<p><span style=\"font-size: 12pt;\"><strong>Fredag 21.10<\/strong><br \/>\nKl 17.30 Rosenkrans etterfulgt av messe<\/span><\/p>\n<p><span style=\"font-size: 12pt;\"><strong>L\u00f8rdag 22.10<\/strong><br \/>\nKl 11.00 Barnemesse p\u00e5 polsk<\/span><br \/>\n<span style=\"font-size: 12pt;\">Kl 13.00 Messe med ungdomsopplegg<\/span><br \/>\n<span style=\"font-size: 12pt;\">Kl 19.00 S\u00f8ndagsmesse p\u00e5 polsk<\/span><\/p>\n<p><span style=\"font-size: 14pt; color: #009900;\"><strong>S\u00f8ndag 23.10&nbsp; &nbsp;30. S\u00d8NDAG I DET ALMINNELIGE KIRKE\u00c5R <\/strong><\/span><br \/>\n<span style=\"font-size: 12pt;\">Kl 09.00 Messe p\u00e5 polsk<\/span><br \/>\n<span style=\"font-size: 12pt;\">Kl 11.00 H\u00f8ymesse<\/span><br \/>\n<span style=\"font-size: 12pt;\">Kl 12.15 S\u00f8ndagsskole etterfulgt av <\/span><span style=\"font-size: 12pt;\">familiemesse<\/span><br \/>\n<span style=\"font-size: 12pt;\">Kl 16.00 Messe p\u00e5 polsk<\/span><\/p>\n<p>&nbsp;<\/p>\n","protected":false},"excerpt":{"rendered":"<p>S\u00f8ndag 16.10&nbsp; &nbsp;29. S\u00d8NDAG I DET ALMINNELIGE KIRKE\u00c5R Kl 09.00 Messe p\u00e5 polsk Kl 11.00 H\u00f8ymesse Kl 16.00 Messe p\u00e5<\/p>\n","protected":false},"author":2,"featured_media":0,"comment_status":"closed","ping_status":"open","sticky":false,"template":"","format":"standard","meta":{"colormag_page_container_layout":"default_layout","colormag_page_sidebar_layout":"default_layout","ngg_post_thumbnail":0,"_jetpack_memberships_contains_paid_content":false,"footnotes":""},"categories":[5],"tags":[],"class_list":["post-12760","post","type-post","status-publish","format-standard","hentry","category-messetider"],"jetpack_featured_media_url":"","jetpack_sharing_enabled":true,"_links":{"self":[{"href":"https:\/\/drammen.katolsk.no\/index.php\/wp-json\/wp\/v2\/posts\/12760","targetHints":{"allow":["GET"]}}],"collection":[{"href":"https:\/\/drammen.katolsk.no\/index.php\/wp-json\/wp\/v2\/posts"}],"about":[{"href":"https:\/\/drammen.katolsk.no\/index.php\/wp-json\/wp\/v2\/types\/post"}],"author":[{"embeddable":true,"href":"https:\/\/drammen.katolsk.no\/index.php\/wp-json\/wp\/v2\/users\/2"}],"replies":[{"embeddable":true,"href":"https:\/\/drammen.katolsk.no\/index.php\/wp-json\/wp\/v2\/comments?post=12760"}],"version-history":[{"count":2,"href":"https:\/\/drammen.katolsk.no\/index.php\/wp-json\/wp\/v2\/posts\/12760\/revisions"}],"predecessor-version":[{"id":12762,"href":"https:\/\/drammen.katolsk.no\/index.php\/wp-json\/wp\/v2\/posts\/12760\/revisions\/12762"}],"wp:attachment":[{"href":"https:\/\/drammen.katolsk.no\/index.php\/wp-json\/wp\/v2\/media?parent=12760"}],"wp:term":[{"taxonomy":"category","embeddable":true,"href":"https:\/\/drammen.katolsk.no\/index.php\/wp-json\/wp\/v2\/categories?post=12760"},{"taxonomy":"post_tag","embeddable":true,"href":"https:\/\/drammen.katolsk.no\/index.php\/wp-json\/wp\/v2\/tags?post=12760"}],"curies":[{"name":"wp","href":"https:\/\/api.w.org\/{rel}","templated":true}]}}