{"id":12917,"date":"2022-11-18T12:13:53","date_gmt":"2022-11-18T11:13:53","guid":{"rendered":"http:\/\/drammen.katolsk.no\/?p=12917"},"modified":"2022-11-21T21:22:47","modified_gmt":"2022-11-21T20:22:47","slug":"menighetens-kalender-uke-47-5","status":"publish","type":"post","link":"https:\/\/drammen.katolsk.no\/index.php\/2022\/11\/18\/menighetens-kalender-uke-47-5\/","title":{"rendered":"Menighetens kalender uke 47"},"content":{"rendered":"<p><span style=\"font-size: 14pt; color: #ff0000;\"><strong><img loading=\"lazy\" decoding=\"async\" class=\"wp-image-3645 alignleft\" src=\"https:\/\/drammen.katolsk.no\/WordPress\/wp-content\/uploads\/2018\/03\/admin-ajax-150x150.jpg\" alt=\"\" width=\"84\" height=\"84\" data-id=\"3645\" srcset=\"https:\/\/drammen.katolsk.no\/wp-content\/uploads\/2018\/03\/admin-ajax-150x150.jpg 150w, https:\/\/drammen.katolsk.no\/wp-content\/uploads\/2018\/03\/admin-ajax-60x60.jpg 60w\" sizes=\"auto, (max-width: 84px) 100vw, 84px\" \/>S\u00f8ndag 20.11&nbsp; &nbsp;KRISTI KONGEFEST &#8211; H\u00d8YTID<\/strong><\/span><br \/>\n<span style=\"font-size: 12pt; color: #ff0000;\">Kl 09.00 Messe p\u00e5 polsk<\/span><br \/>\n<span style=\"font-size: 12pt; color: #ff0000;\">Kl 11.00 H\u00f8ymesse<\/span><br \/>\n<span style=\"font-size: 12pt; color: #ff0000;\">Kl 13.00 Messe p\u00e5 engelsk<\/span><br \/>\n<span style=\"font-size: 12pt; color: #ff0000;\">Kl 16.00 Messe p\u00e5 polsk<\/span><\/p>\n<p><strong><span style=\"font-size: 12pt;\">Mandag 21.11 Jomfru Marias fremstilling i templet<\/span><\/strong><br \/>\n<span style=\"font-size: 12pt;\">Kl 18.00 Messe p\u00e5 norsk<\/span><\/p>\n<p><strong><span style=\"font-size: 12pt;\">Tirsdag 22.11 Den hellige Cecilia<\/span><\/strong><br \/>\n<span style=\"font-size: 12pt;\">Kl 18.00 Messe p\u00e5 norsk<\/span><\/p>\n<p><span style=\"font-size: 12pt;\"><strong>Onsdag 23.11<\/strong><br \/>\nKl 18.00 Messe p\u00e5 norsk<\/span><\/p>\n<p><strong><span style=\"font-size: 12pt;\">Torsdag 24.11 Den hellige Andreas Dung-Lac og hans ledsagere<\/span><\/strong><br \/>\n<span style=\"font-size: 12pt;\">Kl 18.00 Messe p\u00e5 norsk<\/span><\/p>\n<p><span style=\"font-size: 12pt;\"><strong>Fredag 25.11<\/strong><br \/>\nKl 18.00 Messe p\u00e5 norsk<\/span><\/p>\n<p><span style=\"font-size: 12pt;\"><strong>L\u00f8rdag 26.11<\/strong><br \/>\nKl 13.00 S\u00f8ndagsmesse p\u00e5 norsk<\/span><br \/>\n<span style=\"color: #cc6600;\"><strong><span style=\"font-size: 12pt;\">Kl 16.00 Feiring av de martyrer i Vietnam<\/span><\/strong><\/span><br \/>\n<span style=\"font-size: 12pt;\">Kl 19.00 S\u00f8ndagsmesse p\u00e5 polsk<\/span><\/p>\n<p><span style=\"font-size: 14pt; color: #6600cc;\"><strong>S\u00f8ndag 27.11&nbsp; &nbsp;1.S\u00d8NDAG I ADVENT &#8211; UNGDOMSADVENTSAKSJON <\/strong><\/span><br \/>\n<span style=\"font-size: 12pt; color: #6600cc;\">Kl 09.00 Messe p\u00e5 polsk<\/span><br \/>\n<span style=\"font-size: 12pt; color: #6600cc;\">Kl 11.00 H\u00f8ymesse etterfulgt av adventsaksjon og S\u00f8ndagskole &amp; Julespills\u00f8velse<\/span><br \/>\n<span style=\"font-size: 12pt; color: #6600cc;\">Kl 13.30 Familiemesse<\/span><br \/>\n<span style=\"font-size: 12pt; color: #6600cc;\">Kl 16.00 Messe p\u00e5 polsk<\/span><\/p>\n<p>&nbsp;<\/p>\n","protected":false},"excerpt":{"rendered":"<p>S\u00f8ndag 20.11&nbsp; &nbsp;KRISTI KONGEFEST &#8211; H\u00d8YTID Kl 09.00 Messe p\u00e5 polsk Kl 11.00 H\u00f8ymesse Kl 13.00 Messe p\u00e5 engelsk Kl<\/p>\n","protected":false},"author":2,"featured_media":0,"comment_status":"closed","ping_status":"open","sticky":false,"template":"","format":"standard","meta":{"colormag_page_container_layout":"default_layout","colormag_page_sidebar_layout":"default_layout","ngg_post_thumbnail":0,"_jetpack_memberships_contains_paid_content":false,"footnotes":""},"categories":[5],"tags":[],"class_list":["post-12917","post","type-post","status-publish","format-standard","hentry","category-messetider"],"jetpack_featured_media_url":"","jetpack_sharing_enabled":true,"_links":{"self":[{"href":"https:\/\/drammen.katolsk.no\/index.php\/wp-json\/wp\/v2\/posts\/12917","targetHints":{"allow":["GET"]}}],"collection":[{"href":"https:\/\/drammen.katolsk.no\/index.php\/wp-json\/wp\/v2\/posts"}],"about":[{"href":"https:\/\/drammen.katolsk.no\/index.php\/wp-json\/wp\/v2\/types\/post"}],"author":[{"embeddable":true,"href":"https:\/\/drammen.katolsk.no\/index.php\/wp-json\/wp\/v2\/users\/2"}],"replies":[{"embeddable":true,"href":"https:\/\/drammen.katolsk.no\/index.php\/wp-json\/wp\/v2\/comments?post=12917"}],"version-history":[{"count":5,"href":"https:\/\/drammen.katolsk.no\/index.php\/wp-json\/wp\/v2\/posts\/12917\/revisions"}],"predecessor-version":[{"id":12936,"href":"https:\/\/drammen.katolsk.no\/index.php\/wp-json\/wp\/v2\/posts\/12917\/revisions\/12936"}],"wp:attachment":[{"href":"https:\/\/drammen.katolsk.no\/index.php\/wp-json\/wp\/v2\/media?parent=12917"}],"wp:term":[{"taxonomy":"category","embeddable":true,"href":"https:\/\/drammen.katolsk.no\/index.php\/wp-json\/wp\/v2\/categories?post=12917"},{"taxonomy":"post_tag","embeddable":true,"href":"https:\/\/drammen.katolsk.no\/index.php\/wp-json\/wp\/v2\/tags?post=12917"}],"curies":[{"name":"wp","href":"https:\/\/api.w.org\/{rel}","templated":true}]}}