{"id":12988,"date":"2022-11-25T17:28:39","date_gmt":"2022-11-25T16:28:39","guid":{"rendered":"http:\/\/drammen.katolsk.no\/?p=12988"},"modified":"2022-11-25T17:29:39","modified_gmt":"2022-11-25T16:29:39","slug":"menighetens-kalender-uke-48-5","status":"publish","type":"post","link":"https:\/\/drammen.katolsk.no\/index.php\/2022\/11\/25\/menighetens-kalender-uke-48-5\/","title":{"rendered":"Menighetens kalender uke 48"},"content":{"rendered":"<p><span style=\"color: #990099;\"><strong><span style=\"font-size: 14pt;\"><img loading=\"lazy\" decoding=\"async\" class=\" wp-image-3645 alignleft\" src=\"https:\/\/drammen.katolsk.no\/WordPress\/wp-content\/uploads\/2018\/03\/admin-ajax-150x150.jpg\" alt=\"\" width=\"98\" height=\"98\" data-id=\"3645\" srcset=\"https:\/\/drammen.katolsk.no\/wp-content\/uploads\/2018\/03\/admin-ajax-150x150.jpg 150w, https:\/\/drammen.katolsk.no\/wp-content\/uploads\/2018\/03\/admin-ajax-60x60.jpg 60w\" sizes=\"auto, (max-width: 98px) 100vw, 98px\" \/>S\u00f8ndag 27.11&nbsp; 1.S\u00d8NDAG I ADVENT &#8211; UNGDOMSADVENTSAKSJON <\/span><\/strong><\/span><br \/>\n<span style=\"font-size: 12pt; color: #990099;\">Kl 09.00 Messe p\u00e5 polsk<\/span><br \/>\n<span style=\"color: #990099;\"><span style=\"font-size: 12pt;\">Kl 11.00 H\u00f8ymesse etterfulgt av adventsaksjon &#8211; <\/span><span style=\"font-size: 12pt;\">S\u00f8ndagskole &amp; Julespills\u00f8velse<\/span><\/span><br \/>\n<span style=\"font-size: 12pt; color: #990099;\">Kl 13.30 Familiemesse<\/span><br \/>\n<span style=\"font-size: 12pt; color: #990099;\">Kl 16.00 Messe p\u00e5 polsk<\/span><\/p>\n<p><span style=\"font-size: 12pt;\"><strong>Mandag 28.11<\/strong><br \/>\nKl 18.00 Messe p\u00e5 norsk<\/span><\/p>\n<p><span style=\"font-size: 12pt;\"><strong>Tirsdag 29.11<\/strong><br \/>\nKl 18.00 Messe p\u00e5 norsk<\/span><\/p>\n<p><span style=\"color: #ff0000;\"><strong><span style=\"font-size: 12pt;\">Onsdag 30.11 Den hellige Andreas<\/span><\/strong><\/span><br \/>\n<span style=\"font-size: 12pt; color: #ff0000;\">Kl 18.00 Messe p\u00e5 norsk<\/span><br \/>\n<strong><span style=\"font-size: 12pt; color: #990099;\">Kl 21.00 \u00d8kumenisk kompletorium<\/span><\/strong><\/p>\n<p><strong><span style=\"font-size: 12pt; color: #cc6600;\">Torsdag 01.12<br \/>\nKl 18.00 Messe p\u00e5 latin etterfulgt av tilbedelse<\/span><\/strong><\/p>\n<p><span style=\"font-size: 12pt;\"><strong>Fredag 02.12<\/strong><br \/>\n<\/span><span style=\"font-size: 12pt;\">Kl 18.00 Messe p\u00e5 norsk<\/span><br \/>\n<span style=\"font-size: 12pt;\">Kl 19.30 Messe p\u00e5 polsk<\/span><\/p>\n<p><span style=\"font-size: 12pt;\"><strong>L\u00f8rdag 03.12<\/strong><br \/>\nKl 10.00 L\u00f8rdagskatekese<\/span><br \/>\n<span style=\"font-size: 12pt;\">Kl 13.00 Barnemesse<\/span><br \/>\n<span style=\"font-size: 12pt;\">Kl 16.00 Messe p\u00e5 engelsk<\/span><br \/>\n<span style=\"font-size: 12pt;\">Kl 19.00 S\u00f8ndagsmesse p\u00e5 polsk<\/span><\/p>\n<p><span style=\"font-size: 14pt; color: #990099;\"><strong>S\u00f8ndag 04.12&nbsp; 2.S\u00d8NDAG I ADVENT &#8211; UNGDOMSADVENTSAKSJON <\/strong><\/span><br \/>\n<span style=\"font-size: 12pt; color: #990099;\">Kl 09.00 Messe p\u00e5 polsk<\/span><br \/>\n<span style=\"font-size: 12pt; color: #990099;\">Kl 11.00 H\u00f8ymesse etterfulgt av adventsaksjon<\/span><br \/>\n<span style=\"font-size: 12pt; color: #990099;\">Kl 13.30 Messe p\u00e5 vietnamesisk<\/span><br \/>\n<span style=\"font-size: 12pt; color: #990099;\">Kl 16.00 Messe p\u00e5 polsk<\/span><\/p>\n<p>&nbsp;<\/p>\n","protected":false},"excerpt":{"rendered":"<p>S\u00f8ndag 27.11&nbsp; 1.S\u00d8NDAG I ADVENT &#8211; UNGDOMSADVENTSAKSJON Kl 09.00 Messe p\u00e5 polsk Kl 11.00 H\u00f8ymesse etterfulgt av adventsaksjon &#8211; S\u00f8ndagskole<\/p>\n","protected":false},"author":2,"featured_media":0,"comment_status":"closed","ping_status":"open","sticky":false,"template":"","format":"standard","meta":{"colormag_page_container_layout":"default_layout","colormag_page_sidebar_layout":"default_layout","ngg_post_thumbnail":0,"_jetpack_memberships_contains_paid_content":false,"footnotes":""},"categories":[5],"tags":[],"class_list":["post-12988","post","type-post","status-publish","format-standard","hentry","category-messetider"],"jetpack_featured_media_url":"","jetpack_sharing_enabled":true,"_links":{"self":[{"href":"https:\/\/drammen.katolsk.no\/index.php\/wp-json\/wp\/v2\/posts\/12988","targetHints":{"allow":["GET"]}}],"collection":[{"href":"https:\/\/drammen.katolsk.no\/index.php\/wp-json\/wp\/v2\/posts"}],"about":[{"href":"https:\/\/drammen.katolsk.no\/index.php\/wp-json\/wp\/v2\/types\/post"}],"author":[{"embeddable":true,"href":"https:\/\/drammen.katolsk.no\/index.php\/wp-json\/wp\/v2\/users\/2"}],"replies":[{"embeddable":true,"href":"https:\/\/drammen.katolsk.no\/index.php\/wp-json\/wp\/v2\/comments?post=12988"}],"version-history":[{"count":3,"href":"https:\/\/drammen.katolsk.no\/index.php\/wp-json\/wp\/v2\/posts\/12988\/revisions"}],"predecessor-version":[{"id":12991,"href":"https:\/\/drammen.katolsk.no\/index.php\/wp-json\/wp\/v2\/posts\/12988\/revisions\/12991"}],"wp:attachment":[{"href":"https:\/\/drammen.katolsk.no\/index.php\/wp-json\/wp\/v2\/media?parent=12988"}],"wp:term":[{"taxonomy":"category","embeddable":true,"href":"https:\/\/drammen.katolsk.no\/index.php\/wp-json\/wp\/v2\/categories?post=12988"},{"taxonomy":"post_tag","embeddable":true,"href":"https:\/\/drammen.katolsk.no\/index.php\/wp-json\/wp\/v2\/tags?post=12988"}],"curies":[{"name":"wp","href":"https:\/\/api.w.org\/{rel}","templated":true}]}}