{"id":13670,"date":"2023-05-13T09:14:24","date_gmt":"2023-05-13T07:14:24","guid":{"rendered":"http:\/\/drammen.katolsk.no\/?p=13670"},"modified":"2023-05-13T09:14:24","modified_gmt":"2023-05-13T07:14:24","slug":"menighetens-kalender-uke-20-6","status":"publish","type":"post","link":"https:\/\/drammen.katolsk.no\/index.php\/2023\/05\/13\/menighetens-kalender-uke-20-6\/","title":{"rendered":"Menighetens kalender uke 20"},"content":{"rendered":"<p><a href=\"https:\/\/drammen.katolsk.no\/WordPress\/wp-content\/uploads\/2018\/03\/admin-ajax.jpg\"><img loading=\"lazy\" decoding=\"async\" class=\"alignnone size-thumbnail wp-image-3645\" src=\"https:\/\/drammen.katolsk.no\/WordPress\/wp-content\/uploads\/2018\/03\/admin-ajax-150x150.jpg\" alt=\"\" width=\"150\" height=\"150\" data-id=\"3645\" srcset=\"https:\/\/drammen.katolsk.no\/wp-content\/uploads\/2018\/03\/admin-ajax-150x150.jpg 150w, https:\/\/drammen.katolsk.no\/wp-content\/uploads\/2018\/03\/admin-ajax-60x60.jpg 60w\" sizes=\"auto, (max-width: 150px) 100vw, 150px\" \/><\/a><\/p>\n<p><span style=\"color: #0066cc;\"><strong><span style=\"font-size: 12pt;\">I MAIM\u00c5NED BES ROSENKRANSEN F\u00d8R MESSENE<\/span><\/strong><\/span><\/p>\n<p><span style=\"font-size: 14pt; color: #cc6600;\"><strong>S\u00f8ndag 14.05 &nbsp; 6.S\u00d8NDAG I P\u00c5SKETIDEN<\/strong><\/span><br \/>\n<span style=\"color: #cc6600;\"><strong><span style=\"font-size: 12pt;\">Kl 09.00 Messe p\u00e5 polsk<\/span><\/strong><\/span><br \/>\n<span style=\"color: #cc6600;\"><strong><span style=\"font-size: 12pt;\">Kl 11.00 H\u00f8ymesse&nbsp;<\/span><\/strong><\/span><br \/>\n<span style=\"color: #cc6600;\"><strong><span style=\"font-size: 12pt;\">Kl 16.00 Messe p\u00e5 polsk<\/span><\/strong><\/span><br \/>\n<span style=\"color: #cc6600;\"><strong><span style=\"font-size: 12pt;\">Kl 18.00 Messe p\u00e5 litauisk<\/span><\/strong><\/span><\/p>\n<p><strong><span style=\"font-size: 12pt;\">Mandag 15.05 Den hellig Hallvard<\/span><\/strong><br \/>\n<span style=\"font-size: 12pt;\">Kl 17.30 Rosenkrans etterfulgt av messe<\/span><\/p>\n<p><strong><span style=\"font-size: 12pt;\">Tirsdag 16.05<\/span><\/strong><br \/>\n<span style=\"font-size: 12pt;\">Kl 17.30 Rosenkrans etterfulgt av messe<\/span><\/p>\n<p><span style=\"color: #ff0000;\"><strong><span style=\"font-size: 12pt;\">Onsdag 17.05&nbsp; 17.MAI FEIRING <a href=\"https:\/\/drammen.katolsk.no\/index.php\/2023\/05\/05\/st-laurentius-apent-hus-17-mai\/\" target=\"_blank\" rel=\"noopener\">(eget opplegg)<\/a><\/span><\/strong><\/span><br \/>\n<span style=\"color: #ff0000;\"><strong><span style=\"font-size: 12pt;\">Kl 13.00 Messefeiring<\/span><\/strong><\/span><\/p>\n<p><strong><span style=\"color: #ff0000;\"><span style=\"font-size: 12pt;\">Torsdag 18.05&nbsp; H\u00d8YTID FOR KRISTI HIMMELFART<\/span><\/span><\/strong><br \/>\n<strong><span style=\"font-size: 12pt; color: #ff0000;\">Kl 09.00&nbsp; Messe p\u00e5 polsk<\/span><\/strong><br \/>\n<strong><span style=\"font-size: 12pt; color: #ff0000;\">Kl 11.00&nbsp; H\u00f8ymesse<\/span><\/strong><\/p>\n<p><strong><span style=\"font-size: 12pt;\">Fredag 19.05<\/span><\/strong><br \/>\n<span style=\"font-size: 12pt;\">Kl 17.30 Rosenkrans etterfulgt av messe<\/span><\/p>\n<p><strong><span style=\"font-size: 12pt;\">L\u00f8rdag 20.05<\/span><\/strong><br \/>\n<span style=\"font-size: 12pt;\">Kl 13.00 S\u00f8ndagsmesse p\u00e5 norsk<\/span><\/p>\n<p><span style=\"font-size: 14pt; color: #cc6600;\"><strong>S\u00f8ndag 21.05 &nbsp; 7.S\u00d8NDAG I P\u00c5SKETIDEN<\/strong><\/span><br \/>\n<span style=\"color: #cc6600;\"><strong><span style=\"font-size: 12pt;\">Kl 09.00 Messe p\u00e5 polsk<\/span><\/strong><\/span><br \/>\n<span style=\"color: #cc6600;\"><strong><span style=\"font-size: 12pt;\">Kl 11.00 H\u00f8ymesse&nbsp;<\/span><\/strong><\/span><br \/>\n<span style=\"color: #cc6600;\"><strong><span style=\"font-size: 12pt;\">Kl 16.00 Messe p\u00e5 polsk<\/span><\/strong><\/span><\/p>\n","protected":false},"excerpt":{"rendered":"<p>I MAIM\u00c5NED BES ROSENKRANSEN F\u00d8R MESSENE S\u00f8ndag 14.05 &nbsp; 6.S\u00d8NDAG I P\u00c5SKETIDEN Kl 09.00 Messe p\u00e5 polsk Kl 11.00 H\u00f8ymesse&nbsp;<\/p>\n","protected":false},"author":2,"featured_media":0,"comment_status":"closed","ping_status":"open","sticky":false,"template":"","format":"standard","meta":{"colormag_page_container_layout":"default_layout","colormag_page_sidebar_layout":"default_layout","ngg_post_thumbnail":0,"_jetpack_memberships_contains_paid_content":false,"footnotes":""},"categories":[5],"tags":[],"class_list":["post-13670","post","type-post","status-publish","format-standard","hentry","category-messetider"],"jetpack_featured_media_url":"","jetpack_sharing_enabled":true,"_links":{"self":[{"href":"https:\/\/drammen.katolsk.no\/index.php\/wp-json\/wp\/v2\/posts\/13670","targetHints":{"allow":["GET"]}}],"collection":[{"href":"https:\/\/drammen.katolsk.no\/index.php\/wp-json\/wp\/v2\/posts"}],"about":[{"href":"https:\/\/drammen.katolsk.no\/index.php\/wp-json\/wp\/v2\/types\/post"}],"author":[{"embeddable":true,"href":"https:\/\/drammen.katolsk.no\/index.php\/wp-json\/wp\/v2\/users\/2"}],"replies":[{"embeddable":true,"href":"https:\/\/drammen.katolsk.no\/index.php\/wp-json\/wp\/v2\/comments?post=13670"}],"version-history":[{"count":1,"href":"https:\/\/drammen.katolsk.no\/index.php\/wp-json\/wp\/v2\/posts\/13670\/revisions"}],"predecessor-version":[{"id":13671,"href":"https:\/\/drammen.katolsk.no\/index.php\/wp-json\/wp\/v2\/posts\/13670\/revisions\/13671"}],"wp:attachment":[{"href":"https:\/\/drammen.katolsk.no\/index.php\/wp-json\/wp\/v2\/media?parent=13670"}],"wp:term":[{"taxonomy":"category","embeddable":true,"href":"https:\/\/drammen.katolsk.no\/index.php\/wp-json\/wp\/v2\/categories?post=13670"},{"taxonomy":"post_tag","embeddable":true,"href":"https:\/\/drammen.katolsk.no\/index.php\/wp-json\/wp\/v2\/tags?post=13670"}],"curies":[{"name":"wp","href":"https:\/\/api.w.org\/{rel}","templated":true}]}}