{"id":13688,"date":"2023-05-20T11:42:37","date_gmt":"2023-05-20T09:42:37","guid":{"rendered":"http:\/\/drammen.katolsk.no\/?p=13688"},"modified":"2023-05-20T11:47:24","modified_gmt":"2023-05-20T09:47:24","slug":"test","status":"publish","type":"post","link":"https:\/\/drammen.katolsk.no\/index.php\/2023\/05\/20\/test\/","title":{"rendered":"Menighetens kalender uke 21"},"content":{"rendered":"<p><a href=\"https:\/\/drammen.katolsk.no\/WordPress\/wp-content\/uploads\/2018\/03\/admin-ajax.jpg\"><img loading=\"lazy\" decoding=\"async\" class=\"alignnone wp-image-3645\" src=\"https:\/\/drammen.katolsk.no\/WordPress\/wp-content\/uploads\/2018\/03\/admin-ajax-150x150.jpg\" alt=\"\" width=\"95\" height=\"95\" data-id=\"3645\" srcset=\"https:\/\/drammen.katolsk.no\/wp-content\/uploads\/2018\/03\/admin-ajax-150x150.jpg 150w, https:\/\/drammen.katolsk.no\/wp-content\/uploads\/2018\/03\/admin-ajax-60x60.jpg 60w\" sizes=\"auto, (max-width: 95px) 100vw, 95px\" \/><\/a><\/p>\n<p><span style=\"color: #0066cc;\"><strong><span style=\"font-size: 12pt;\">I MAIM\u00c5NED BES ROSENKRANSEN F\u00d8R MESSENE<\/span><\/strong><\/span><\/p>\n<p><span style=\"color: #cc6600;\"><strong><span style=\"font-size: 14pt;\">S\u00f8ndag 21.05 &nbsp; 7.S\u00d8NDAG I P\u00c5SKETIDEN<\/span><\/strong><\/span><br \/>\n<span style=\"color: #cc6600;\"><strong><span style=\"font-size: 12pt;\">Kl 09.00 Messe p\u00e5 polsk<\/span><\/strong><\/span><br \/>\n<span style=\"color: #cc6600;\"><strong><span style=\"font-size: 12pt;\">Kl 11.00 H\u00f8ymesse&nbsp;<\/span><\/strong><\/span><br \/>\n<span style=\"color: #cc6600;\"><strong><span style=\"font-size: 12pt;\">Kl 16.00Messe p\u00e5 polsk<\/span><\/strong><\/span><\/p>\n<p><strong><span style=\"font-size: 12pt;\">Mandag 22.05<\/span><\/strong><br \/>\n<span style=\"font-size: 12pt;\">Kl 17.30 Rosenkrans etterfulgt av messe<\/span><br \/>\n<strong><span style=\"font-size: 12pt;\">Tirsdag 23.05<\/span><\/strong><br \/>\n<span style=\"font-size: 12pt;\">Kl 17.30 Rosenkrans etterfulgt av messe<\/span><br \/>\n<strong><span style=\"font-size: 12pt;\">Onsdag 24.05<\/span><\/strong><br \/>\n<span style=\"font-size: 12pt;\">Kl 17.30 Rosenkrans etterfulgt av messe<\/span><br \/>\n<strong><span style=\"font-size: 12pt;\">Torsdag 25.05<\/span><\/strong><br \/>\n<span style=\"font-size: 12pt;\">Kl 17.30 Tilbedelse med rosenkrans etterfulgt av messe p\u00e5 latin&nbsp;<\/span><br \/>\n<strong><span style=\"font-size: 12pt;\">Fredag 26.05<\/span><\/strong><br \/>\n<span style=\"font-size: 12pt;\">Kl 17.30 Rosenkrans etterfulgt av messe<\/span><br \/>\n<strong><span style=\"font-size: 12pt;\">L\u00f8rdag 27.05<\/span><\/strong><br \/>\n<span style=\"font-size: 12pt;\">Kl 11.00 Konfirmasjon &#8211; polsk gruppe<\/span><br \/>\n<span style=\"font-size: 12pt;\">Kl 13.00 S\u00f8ndagsmesse p\u00e5 norsk<\/span><br \/>\n<span style=\"font-size: 12pt;\">Kl 19.00 S\u00f8ndagsmesse p\u00e5 polsk<\/span><\/p>\n<p><span style=\"color: #ff0000;\"><strong><span style=\"font-size: 14pt;\">S\u00f8ndag 28.05 &nbsp; PINSEH\u00d8YTID &#8211; Menighetens Internasjonal dag<\/span><\/strong><\/span><br \/>\n<span style=\"color: #ff0000;\"><strong><span style=\"font-size: 12pt;\">Kl 11.00 Utend\u00f8r fellesmesse<\/span><\/strong><\/span><br \/>\n<span style=\"color: #ff0000;\"><strong><span style=\"font-size: 12pt;\">Etterfulgt av dagens program<\/span><\/strong><\/span><br \/>\n<a href=\"https:\/\/drammen.katolsk.no\/vedlegg\/PINSE_2023.pdf\" target=\"_blank\" rel=\"noopener\"><span style=\"font-size: 12pt;\">Se eget opplegg<\/span><\/a><\/p>\n","protected":false},"excerpt":{"rendered":"<p>I MAIM\u00c5NED BES ROSENKRANSEN F\u00d8R MESSENE S\u00f8ndag 21.05 &nbsp; 7.S\u00d8NDAG I P\u00c5SKETIDEN Kl 09.00 Messe p\u00e5 polsk Kl 11.00 H\u00f8ymesse&nbsp;<\/p>\n","protected":false},"author":2,"featured_media":0,"comment_status":"closed","ping_status":"open","sticky":false,"template":"","format":"standard","meta":{"colormag_page_container_layout":"default_layout","colormag_page_sidebar_layout":"default_layout","ngg_post_thumbnail":0,"_jetpack_memberships_contains_paid_content":false,"footnotes":""},"categories":[5],"tags":[],"class_list":["post-13688","post","type-post","status-publish","format-standard","hentry","category-messetider"],"jetpack_featured_media_url":"","jetpack_sharing_enabled":true,"_links":{"self":[{"href":"https:\/\/drammen.katolsk.no\/index.php\/wp-json\/wp\/v2\/posts\/13688","targetHints":{"allow":["GET"]}}],"collection":[{"href":"https:\/\/drammen.katolsk.no\/index.php\/wp-json\/wp\/v2\/posts"}],"about":[{"href":"https:\/\/drammen.katolsk.no\/index.php\/wp-json\/wp\/v2\/types\/post"}],"author":[{"embeddable":true,"href":"https:\/\/drammen.katolsk.no\/index.php\/wp-json\/wp\/v2\/users\/2"}],"replies":[{"embeddable":true,"href":"https:\/\/drammen.katolsk.no\/index.php\/wp-json\/wp\/v2\/comments?post=13688"}],"version-history":[{"count":5,"href":"https:\/\/drammen.katolsk.no\/index.php\/wp-json\/wp\/v2\/posts\/13688\/revisions"}],"predecessor-version":[{"id":13693,"href":"https:\/\/drammen.katolsk.no\/index.php\/wp-json\/wp\/v2\/posts\/13688\/revisions\/13693"}],"wp:attachment":[{"href":"https:\/\/drammen.katolsk.no\/index.php\/wp-json\/wp\/v2\/media?parent=13688"}],"wp:term":[{"taxonomy":"category","embeddable":true,"href":"https:\/\/drammen.katolsk.no\/index.php\/wp-json\/wp\/v2\/categories?post=13688"},{"taxonomy":"post_tag","embeddable":true,"href":"https:\/\/drammen.katolsk.no\/index.php\/wp-json\/wp\/v2\/tags?post=13688"}],"curies":[{"name":"wp","href":"https:\/\/api.w.org\/{rel}","templated":true}]}}