{"id":13900,"date":"2023-08-05T16:48:11","date_gmt":"2023-08-05T14:48:11","guid":{"rendered":"http:\/\/drammen.katolsk.no\/?p=13900"},"modified":"2023-08-10T05:11:12","modified_gmt":"2023-08-10T03:11:12","slug":"velkommen-til-katekese-for-barn-og-konfirmanter","status":"publish","type":"post","link":"https:\/\/drammen.katolsk.no\/index.php\/2023\/08\/05\/velkommen-til-katekese-for-barn-og-konfirmanter\/","title":{"rendered":"Velkommen til katekese for barn og konfirmanter!"},"content":{"rendered":"<p><span style=\"font-size: 12pt;\">Oppstart for katekesen er <strong>l\u00f8rdag 2. september 2023 kl. 10.00<\/strong>. Det er viktig at alle barn og konfirmanter har med minst \u00e9n av foreldrene. Det blir foreldrem\u00f8te under katekesen f\u00f8r lunsj denne dagen. Her blir det gitt viktig informasjon. P\u00e5melding skjer digitalt\/elektronisk. Skjema finnes p\u00e5 menighetens hjemmeside p\u00e5 hovedmeny &#8211;&nbsp; Katekese &#8211; P\u00e5melding til katekese.<\/span><\/p>\n<p><strong><span style=\"font-size: 12pt;\">Katekesen vil foreg\u00e5 hver f\u00f8rste l\u00f8rdag i m\u00e5neden hele skole\u00e5ret og varer fra kl. 10.00 \u2013 14.00 (inkl. messe)<\/span><\/strong><\/p>\n<p><span style=\"font-size: 12pt;\">Konfirmasjonsdato er satt til <strong>l\u00f8rdag 20. april 2024<\/strong>. Dette gjelder de som har tatt 1. \u00e5rs forberedelse.<\/span><\/p>\n<p><span style=\"font-size: 12pt;\"><span style=\"color: #ff0000;\"><strong>Viktig!<\/strong><\/span> Forberedelse til f\u00f8rstekommunion og konfirmasjonssakramentet foreg\u00e5r n\u00e5 over to \u00e5r. Det betyr at undervisning til f\u00f8rstekommunion starter n\u00e5r barna g\u00e5r i 2. klasse p\u00e5 skolen og mottar f\u00f8rstekommunion ved avslutningen av 3. klasse.<\/span><\/p>\n<p><span style=\"font-size: 12pt;\">Konfirmantkatekesen starter n\u00e5r de unge g\u00e5r i 8. klasse og konfirmeres mot slutten av 9. klasse.<\/span><\/p>\n<p><span style=\"font-size: 12pt;\">Barna som skal forberede seg til f\u00f8rstekommunion og konfirmantene m\u00e5 levere d\u00e5psattest dersom denne ikke allerede er levert og registrert.<\/span><\/p>\n<p><span style=\"font-size: 12pt;\">2. \u00e5rs konfirmantkull m\u00e5 ogs\u00e5 levere d\u00e5psattest hvis denne ikke er levert og registrert tidligere. Konfirmantene m\u00e5 ogs\u00e5 ha en fadder\/sponsor. Fadder\/sponsor m\u00e5 v\u00e6re en konfirmert katolikk. Sertifikat\/attest m\u00e5 leveres.<\/span><\/p>\n<p><span style=\"font-size: 12pt;\">Alle sp\u00f8rsm\u00e5l om katekesen rettes til diakon Mang Le Van tel: 906 02 255 eller Theresa Jee 976 35 954.<\/span><\/p>\n<p><span style=\"font-size: 12pt;\">Sp\u00f8rsm\u00e5l kan ogs\u00e5 sendes p\u00e5 e-post: drammen@katolsk.no<\/span><\/p>\n<p>&nbsp;<\/p>\n","protected":false},"excerpt":{"rendered":"<p>Oppstart for katekesen er l\u00f8rdag 2. september 2023 kl. 10.00. Det er viktig at alle barn og konfirmanter har med<\/p>\n","protected":false},"author":2,"featured_media":0,"comment_status":"closed","ping_status":"open","sticky":false,"template":"","format":"standard","meta":{"colormag_page_container_layout":"default_layout","colormag_page_sidebar_layout":"default_layout","ngg_post_thumbnail":0,"_jetpack_memberships_contains_paid_content":false,"footnotes":""},"categories":[10],"tags":[],"class_list":["post-13900","post","type-post","status-publish","format-standard","hentry","category-kunngjoringer"],"jetpack_featured_media_url":"","jetpack_sharing_enabled":true,"_links":{"self":[{"href":"https:\/\/drammen.katolsk.no\/index.php\/wp-json\/wp\/v2\/posts\/13900","targetHints":{"allow":["GET"]}}],"collection":[{"href":"https:\/\/drammen.katolsk.no\/index.php\/wp-json\/wp\/v2\/posts"}],"about":[{"href":"https:\/\/drammen.katolsk.no\/index.php\/wp-json\/wp\/v2\/types\/post"}],"author":[{"embeddable":true,"href":"https:\/\/drammen.katolsk.no\/index.php\/wp-json\/wp\/v2\/users\/2"}],"replies":[{"embeddable":true,"href":"https:\/\/drammen.katolsk.no\/index.php\/wp-json\/wp\/v2\/comments?post=13900"}],"version-history":[{"count":5,"href":"https:\/\/drammen.katolsk.no\/index.php\/wp-json\/wp\/v2\/posts\/13900\/revisions"}],"predecessor-version":[{"id":13915,"href":"https:\/\/drammen.katolsk.no\/index.php\/wp-json\/wp\/v2\/posts\/13900\/revisions\/13915"}],"wp:attachment":[{"href":"https:\/\/drammen.katolsk.no\/index.php\/wp-json\/wp\/v2\/media?parent=13900"}],"wp:term":[{"taxonomy":"category","embeddable":true,"href":"https:\/\/drammen.katolsk.no\/index.php\/wp-json\/wp\/v2\/categories?post=13900"},{"taxonomy":"post_tag","embeddable":true,"href":"https:\/\/drammen.katolsk.no\/index.php\/wp-json\/wp\/v2\/tags?post=13900"}],"curies":[{"name":"wp","href":"https:\/\/api.w.org\/{rel}","templated":true}]}}