{"id":14142,"date":"2023-09-29T10:55:03","date_gmt":"2023-09-29T08:55:03","guid":{"rendered":"http:\/\/drammen.katolsk.no\/?p=14142"},"modified":"2023-10-06T22:44:13","modified_gmt":"2023-10-06T20:44:13","slug":"menighetens-kalender-uke-40-7","status":"publish","type":"post","link":"https:\/\/drammen.katolsk.no\/index.php\/2023\/09\/29\/menighetens-kalender-uke-40-7\/","title":{"rendered":"Menighetens kalender uke 40"},"content":{"rendered":"<p><a href=\"https:\/\/drammen.katolsk.no\/WordPress\/wp-content\/uploads\/2018\/03\/admin-ajax.jpg\"><img loading=\"lazy\" decoding=\"async\" class=\"alignnone wp-image-3645\" src=\"https:\/\/drammen.katolsk.no\/WordPress\/wp-content\/uploads\/2018\/03\/admin-ajax-150x150.jpg\" alt=\"\" width=\"96\" height=\"96\" data-id=\"3645\" srcset=\"https:\/\/drammen.katolsk.no\/wp-content\/uploads\/2018\/03\/admin-ajax-150x150.jpg 150w, https:\/\/drammen.katolsk.no\/wp-content\/uploads\/2018\/03\/admin-ajax-60x60.jpg 60w\" sizes=\"auto, (max-width: 96px) 100vw, 96px\" \/><\/a><\/p>\n<p><span style=\"color: #ff0000;\"><strong><span style=\"font-size: 12pt;\">ROSENKRANSM\u00c5NED<br \/>\n<\/span><\/strong><\/span><span style=\"font-size: 14pt; color: #009900;\"><strong>S\u00f8ndag 01.10&nbsp; &nbsp;26. s\u00f8ndag i det alminnelige kirke\u00e5r<\/strong><\/span><br \/>\n<span style=\"font-size: 12pt;\">Kl 09.00 Messe p\u00e5 polsk<\/span><br \/>\n<span style=\"font-size: 12pt;\">Kl 11.00 H\u00f8ymesse<\/span><br \/>\n<span style=\"font-size: 12pt;\">Kl 13.00 Messe p\u00e5 vietnamesisk<\/span><br \/>\n<span style=\"font-size: 12pt;\">Kl 16.00 Messe p\u00e5 polsk<\/span><\/p>\n<p><span style=\"font-size: 12pt;\"><strong>Mandag 02.10<\/strong><br \/>\nKl 17.30 Rosenkrans etterfuglt av messe<\/span><\/p>\n<p><span style=\"font-size: 12pt;\"><strong>Tirsdag 03.10&nbsp;<\/strong><br \/>\nKl 17.30 Rosenkrans etterfuglt av messe<\/span><\/p>\n<p><strong><span style=\"font-size: 12pt;\">Onsdag 04.10 Den hellige Frans av Assisi<\/span><\/strong><br \/>\n<span style=\"font-size: 12pt;\">Kl 17.30 Rosenkrans etterfuglt av messe <\/span><\/p>\n<p><span style=\"font-size: 12pt;\"><strong>Torsdag 05.10<\/strong><br \/>\nKl 17.30 Tilbedelse med rosenkrans etterfulgt av messe p\u00e5 latin <\/span><\/p>\n<p><span style=\"font-size: 12pt;\"><strong>Fredag 06.10<\/strong><br \/>\nKl 17.30 Rosenkrans etterfuglt av messe<\/span><br \/>\n<span style=\"font-size: 12pt;\">Kl 19.30 Messe p\u00e5 polsk<\/span><\/p>\n<p><strong><span style=\"font-size: 12pt;\">L\u00f8rdag 07.10 V\u00e5r Frue av Rosenkransen<\/span><\/strong><br \/>\n<span style=\"font-size: 12pt;\">KL 10.00 Religionsundervisning<\/span><br \/>\n<span style=\"font-size: 12pt;\">Kl 13.00 Barnemesse<\/span><br \/>\n<span style=\"font-size: 12pt;\">Kl 16.00 Messe p\u00e5 engelsk\/filippinsk&nbsp; <\/span><\/p>\n<p><span style=\"color: #009900;\"><strong><span style=\"font-size: 14pt;\">S\u00f8ndag 08.10&nbsp; &nbsp;27. s\u00f8ndag i det alminnelige kirke\u00e5r<\/span><\/strong><\/span><br \/>\n<span style=\"font-size: 12pt;\">Kl 09.00 Messe p\u00e5 polsk<\/span><br \/>\n<span style=\"font-size: 12pt;\">Kl 11.00 H\u00f8ymesse<\/span><br \/>\n<span style=\"font-size: 12pt;\">Kl 16.00 Messe p\u00e5 polsk<\/span><\/p>\n","protected":false},"excerpt":{"rendered":"<p>ROSENKRANSM\u00c5NED S\u00f8ndag 01.10&nbsp; &nbsp;26. s\u00f8ndag i det alminnelige kirke\u00e5r Kl 09.00 Messe p\u00e5 polsk Kl 11.00 H\u00f8ymesse Kl 13.00 Messe<\/p>\n","protected":false},"author":2,"featured_media":0,"comment_status":"closed","ping_status":"open","sticky":false,"template":"","format":"standard","meta":{"colormag_page_container_layout":"default_layout","colormag_page_sidebar_layout":"default_layout","ngg_post_thumbnail":0,"_jetpack_memberships_contains_paid_content":false,"footnotes":""},"categories":[5],"tags":[],"class_list":["post-14142","post","type-post","status-publish","format-standard","hentry","category-messetider"],"jetpack_featured_media_url":"","jetpack_sharing_enabled":true,"_links":{"self":[{"href":"https:\/\/drammen.katolsk.no\/index.php\/wp-json\/wp\/v2\/posts\/14142","targetHints":{"allow":["GET"]}}],"collection":[{"href":"https:\/\/drammen.katolsk.no\/index.php\/wp-json\/wp\/v2\/posts"}],"about":[{"href":"https:\/\/drammen.katolsk.no\/index.php\/wp-json\/wp\/v2\/types\/post"}],"author":[{"embeddable":true,"href":"https:\/\/drammen.katolsk.no\/index.php\/wp-json\/wp\/v2\/users\/2"}],"replies":[{"embeddable":true,"href":"https:\/\/drammen.katolsk.no\/index.php\/wp-json\/wp\/v2\/comments?post=14142"}],"version-history":[{"count":2,"href":"https:\/\/drammen.katolsk.no\/index.php\/wp-json\/wp\/v2\/posts\/14142\/revisions"}],"predecessor-version":[{"id":14167,"href":"https:\/\/drammen.katolsk.no\/index.php\/wp-json\/wp\/v2\/posts\/14142\/revisions\/14167"}],"wp:attachment":[{"href":"https:\/\/drammen.katolsk.no\/index.php\/wp-json\/wp\/v2\/media?parent=14142"}],"wp:term":[{"taxonomy":"category","embeddable":true,"href":"https:\/\/drammen.katolsk.no\/index.php\/wp-json\/wp\/v2\/categories?post=14142"},{"taxonomy":"post_tag","embeddable":true,"href":"https:\/\/drammen.katolsk.no\/index.php\/wp-json\/wp\/v2\/tags?post=14142"}],"curies":[{"name":"wp","href":"https:\/\/api.w.org\/{rel}","templated":true}]}}