{"id":14188,"date":"2023-10-21T18:00:48","date_gmt":"2023-10-21T16:00:48","guid":{"rendered":"https:\/\/drammen.katolsk.no\/?p=14188"},"modified":"2023-10-20T22:52:08","modified_gmt":"2023-10-20T20:52:08","slug":"menighetens-kalender-uke-43-7","status":"publish","type":"post","link":"https:\/\/drammen.katolsk.no\/index.php\/2023\/10\/21\/menighetens-kalender-uke-43-7\/","title":{"rendered":"Menighetens kalender uke 43"},"content":{"rendered":"<p><span style=\"color: #ff0000;\"><strong><span style=\"font-size: 12pt;\"><a href=\"https:\/\/drammen.katolsk.no\/WordPress\/wp-content\/uploads\/2018\/03\/admin-ajax.jpg\"><img loading=\"lazy\" decoding=\"async\" class=\"alignnone  wp-image-3645\" src=\"https:\/\/drammen.katolsk.no\/WordPress\/wp-content\/uploads\/2018\/03\/admin-ajax-150x150.jpg\" alt=\"\" width=\"100\" height=\"100\" data-id=\"3645\" srcset=\"https:\/\/drammen.katolsk.no\/wp-content\/uploads\/2018\/03\/admin-ajax-150x150.jpg 150w, https:\/\/drammen.katolsk.no\/wp-content\/uploads\/2018\/03\/admin-ajax-60x60.jpg 60w\" sizes=\"auto, (max-width: 100px) 100vw, 100px\" \/><\/a><br \/>\nROSENKRANSM\u00c5NED<\/span><\/strong><\/span><br \/>\n<span style=\"font-size: 14pt; color: #009900;\"><strong>S\u00f8ndag 22.10&nbsp; &nbsp;29. s\u00f8ndag i det alminnelige kirke\u00e5r<\/strong><\/span><br \/>\n<span style=\"font-size: 12pt;\">Kl 09.00 Messe p\u00e5 polsk<\/span><br \/>\n<span style=\"font-size: 12pt;\">Kl 11.00 1.kommunions barn undervisning<\/span><br \/>\n<span style=\"font-size: 12pt;\">Kl 11.00 H\u00f8ymesse<\/span><br \/>\n<span style=\"font-size: 12pt;\">Kl 13.00 Messe med opplegg for barnefamilier<\/span><br \/>\n<span style=\"font-size: 12pt;\">Kl 16.00 Messe p\u00e5 polsk<\/span><\/p>\n<p><span style=\"font-size: 12pt;\"><strong>Mandag 23.10&nbsp;<\/strong><br \/>\nKl 17.30 Rosenkrans etterfulgt av messe<\/span><\/p>\n<p><span style=\"font-size: 12pt;\"><strong>Tirsdag 24.10&nbsp;<\/strong><br \/>\nKl 17.30 Rosenkrans etterfulgt av messe<\/span><\/p>\n<p><span style=\"font-size: 12pt;\"><strong>Onsdag 25.10<\/strong><br \/>\nKl 17.30 Rosenkrans etterfulgt av messe <\/span><\/p>\n<p><span style=\"font-size: 12pt;\"><strong>Torsdag 26.10<\/strong><br \/>\nKl 17.30 Tilbedelse med rosenkrans etterfulgt av messe p\u00e5 latin <\/span><\/p>\n<p><span style=\"font-size: 12pt;\"><strong>Fredag 27.10<\/strong><br \/>\nKl 17.30 Rosenkrans etterfulgt av messe<\/span><\/p>\n<p><strong><span style=\"font-size: 12pt;\">L\u00f8rdag 28.10 De hellige Apostler Simon og Judas<\/span><\/strong><br \/>\n<span style=\"font-size: 12pt;\">Kl 13.00 S\u00f8ndagsmesse p\u00e5 norsk<\/span><br \/>\n<span style=\"font-size: 12pt;\">Kl 19.00 S\u00f8ndagsmesse p\u00e5 polsk<\/span><\/p>\n<p><span style=\"color: #009900;\"><strong><span style=\"font-size: 14pt;\">S\u00f8ndag 29.10&nbsp; &nbsp;30. s\u00f8ndag i det alminnelige kirke\u00e5r<\/span><\/strong><\/span><br \/>\n<span style=\"font-size: 12pt;\">Kl 09.00 Messe p\u00e5 polsk<\/span><br \/>\n<span style=\"font-size: 12pt;\">Kl 11.00 H\u00f8ymesse<\/span><br \/>\n<span style=\"font-size: 12pt;\">Kl 16.00 Messe p\u00e5 polsk<\/span><\/p>\n<p>&nbsp;<\/p>\n","protected":false},"excerpt":{"rendered":"<p>ROSENKRANSM\u00c5NED S\u00f8ndag 22.10&nbsp; &nbsp;29. s\u00f8ndag i det alminnelige kirke\u00e5r Kl 09.00 Messe p\u00e5 polsk Kl 11.00 1.kommunions barn undervisning Kl<\/p>\n","protected":false},"author":2,"featured_media":0,"comment_status":"closed","ping_status":"open","sticky":false,"template":"","format":"standard","meta":{"colormag_page_container_layout":"default_layout","colormag_page_sidebar_layout":"default_layout","ngg_post_thumbnail":0,"_jetpack_memberships_contains_paid_content":false,"footnotes":""},"categories":[5],"tags":[],"class_list":["post-14188","post","type-post","status-publish","format-standard","hentry","category-messetider"],"jetpack_featured_media_url":"","jetpack_sharing_enabled":true,"_links":{"self":[{"href":"https:\/\/drammen.katolsk.no\/index.php\/wp-json\/wp\/v2\/posts\/14188","targetHints":{"allow":["GET"]}}],"collection":[{"href":"https:\/\/drammen.katolsk.no\/index.php\/wp-json\/wp\/v2\/posts"}],"about":[{"href":"https:\/\/drammen.katolsk.no\/index.php\/wp-json\/wp\/v2\/types\/post"}],"author":[{"embeddable":true,"href":"https:\/\/drammen.katolsk.no\/index.php\/wp-json\/wp\/v2\/users\/2"}],"replies":[{"embeddable":true,"href":"https:\/\/drammen.katolsk.no\/index.php\/wp-json\/wp\/v2\/comments?post=14188"}],"version-history":[{"count":1,"href":"https:\/\/drammen.katolsk.no\/index.php\/wp-json\/wp\/v2\/posts\/14188\/revisions"}],"predecessor-version":[{"id":14189,"href":"https:\/\/drammen.katolsk.no\/index.php\/wp-json\/wp\/v2\/posts\/14188\/revisions\/14189"}],"wp:attachment":[{"href":"https:\/\/drammen.katolsk.no\/index.php\/wp-json\/wp\/v2\/media?parent=14188"}],"wp:term":[{"taxonomy":"category","embeddable":true,"href":"https:\/\/drammen.katolsk.no\/index.php\/wp-json\/wp\/v2\/categories?post=14188"},{"taxonomy":"post_tag","embeddable":true,"href":"https:\/\/drammen.katolsk.no\/index.php\/wp-json\/wp\/v2\/tags?post=14188"}],"curies":[{"name":"wp","href":"https:\/\/api.w.org\/{rel}","templated":true}]}}