{"id":14227,"date":"2023-10-27T18:00:39","date_gmt":"2023-10-27T16:00:39","guid":{"rendered":"https:\/\/drammen.katolsk.no\/?p=14227"},"modified":"2023-10-27T14:26:31","modified_gmt":"2023-10-27T12:26:31","slug":"menighetens-kalender-uke-44-7","status":"publish","type":"post","link":"https:\/\/drammen.katolsk.no\/index.php\/2023\/10\/27\/menighetens-kalender-uke-44-7\/","title":{"rendered":"Menighetens kalender uke 44"},"content":{"rendered":"<p><span style=\"color: #ff0000;\"><strong><span style=\"font-size: 12pt;\"><a href=\"https:\/\/drammen.katolsk.no\/WordPress\/wp-content\/uploads\/2018\/03\/admin-ajax.jpg\"><img loading=\"lazy\" decoding=\"async\" class=\"alignnone wp-image-3645\" src=\"https:\/\/drammen.katolsk.no\/WordPress\/wp-content\/uploads\/2018\/03\/admin-ajax-150x150.jpg\" alt=\"\" width=\"88\" height=\"88\" data-id=\"3645\" srcset=\"https:\/\/drammen.katolsk.no\/wp-content\/uploads\/2018\/03\/admin-ajax-150x150.jpg 150w, https:\/\/drammen.katolsk.no\/wp-content\/uploads\/2018\/03\/admin-ajax-60x60.jpg 60w\" sizes=\"auto, (max-width: 88px) 100vw, 88px\" \/><\/a><br \/>\n<\/span><\/strong><\/span><span style=\"color: #009900;\"><strong><span style=\"font-size: 14pt;\">S\u00f8ndag 29.10&nbsp; &nbsp;30. s\u00f8ndag i det alminnelige kirke\u00e5r<\/span><\/strong><\/span><br \/>\n<span style=\"font-size: 12pt;\">Kl 09.00 Messe p\u00e5 polsk<\/span><br \/>\n<span style=\"font-size: 12pt;\">Kl 11.00 H\u00f8ymesse<\/span><br \/>\n<span style=\"font-size: 12pt;\">Kl 16.00 Messe p\u00e5 polsk<\/span><\/p>\n<p><span style=\"font-size: 12pt;\"><strong>Mandag 30.10&nbsp;<\/strong><br \/>\nKl 17.30 Rosenkrans etterfulgt av messe<\/span><\/p>\n<p><span style=\"font-size: 12pt;\"><strong>Tirsdag 31.10&nbsp;<\/strong><br \/>\nKl 17.30 Rosenkrans etterfulgt av messe<\/span><\/p>\n<p><strong><span style=\"color: #ff0000;\"><span style=\"font-size: 12pt;\">Onsdag 01.11 ALLEHELGENSDAG &#8211; h\u00f8ytid<\/span><\/span><\/strong><br \/>\n<span style=\"font-size: 12pt; color: #ff0000;\"><strong>Kl 18.00 Messe p\u00e5 norsk<\/strong><br \/>\n<strong>Kl 19.30 Messe p\u00e5 polsk<\/strong><br \/>\n<\/span><\/p>\n<p><span style=\"color: #990099;\"><strong><span style=\"font-size: 12pt;\">Torsdag 02.11 Allesjelersdag<\/span><\/strong><\/span><br \/>\n<span style=\"color: #6600cc;\"><span style=\"color: #990099;\"><strong><span style=\"font-size: 12pt;\">Kl 18.00 Requiemmesse p\u00e5 norsk etterfulgt av <\/span><\/strong><\/span><span style=\"font-size: 12pt;\"><span style=\"color: #990099;\"><strong>felles kirkeg\u00e5rdsbes\u00f8k<\/strong><\/span><br \/>\n<span style=\"color: #990099;\"><strong><span style=\"font-size: 12pt;\">Kl 19.30 Requiemmesse p\u00e5 polsk<\/span><\/strong><\/span><br \/>\n<\/span><\/span><\/p>\n<p><span style=\"font-size: 12pt;\"><strong>Fredag 03.11<\/strong><br \/>\nKl 18.00 Messe p\u00e5 norsk<\/span><br \/>\n<span style=\"font-size: 12pt;\">Kl 20.00 Messe p\u00e5 polsk<\/span><\/p>\n<p><span style=\"font-size: 12pt;\"><strong>L\u00f8rdag 04.11<\/strong><br \/>\n<span style=\"color: #cc6600;\"><strong>Kl 10.00 L\u00f8rdagskatekese<\/strong><\/span><\/span><br \/>\n<span style=\"font-size: 12pt;\">Kl 13.00 Barnemesse<\/span><br \/>\n<span style=\"font-size: 12pt;\">Kl 16.00 Messe p\u00e5 filippinks\/engelsk<\/span><\/p>\n<p><span style=\"color: #009900;\"><strong><span style=\"font-size: 14pt;\">S\u00f8ndag 05.11&nbsp; &nbsp;31. s\u00f8ndag i det alminnelige kirke\u00e5r<\/span><\/strong><\/span><br \/>\n<span style=\"font-size: 12pt;\">Kl 09.00 Messe p\u00e5 polsk<\/span><br \/>\n<span style=\"font-size: 12pt;\">Kl 11.00 H\u00f8ymesse<\/span><br \/>\n<span style=\"font-size: 12pt;\">Kl 13.00 Messe p\u00e5 vietnamesisk<\/span><br \/>\n<span style=\"font-size: 12pt;\">Kl 16.00 Messe p\u00e5 polsk<\/span><\/p>\n","protected":false},"excerpt":{"rendered":"<p>S\u00f8ndag 29.10&nbsp; &nbsp;30. s\u00f8ndag i det alminnelige kirke\u00e5r Kl 09.00 Messe p\u00e5 polsk Kl 11.00 H\u00f8ymesse Kl 16.00 Messe p\u00e5<\/p>\n","protected":false},"author":2,"featured_media":0,"comment_status":"closed","ping_status":"open","sticky":false,"template":"","format":"standard","meta":{"colormag_page_container_layout":"default_layout","colormag_page_sidebar_layout":"default_layout","ngg_post_thumbnail":0,"_jetpack_memberships_contains_paid_content":false,"footnotes":""},"categories":[10],"tags":[],"class_list":["post-14227","post","type-post","status-publish","format-standard","hentry","category-kunngjoringer"],"jetpack_featured_media_url":"","jetpack_sharing_enabled":true,"_links":{"self":[{"href":"https:\/\/drammen.katolsk.no\/index.php\/wp-json\/wp\/v2\/posts\/14227","targetHints":{"allow":["GET"]}}],"collection":[{"href":"https:\/\/drammen.katolsk.no\/index.php\/wp-json\/wp\/v2\/posts"}],"about":[{"href":"https:\/\/drammen.katolsk.no\/index.php\/wp-json\/wp\/v2\/types\/post"}],"author":[{"embeddable":true,"href":"https:\/\/drammen.katolsk.no\/index.php\/wp-json\/wp\/v2\/users\/2"}],"replies":[{"embeddable":true,"href":"https:\/\/drammen.katolsk.no\/index.php\/wp-json\/wp\/v2\/comments?post=14227"}],"version-history":[{"count":4,"href":"https:\/\/drammen.katolsk.no\/index.php\/wp-json\/wp\/v2\/posts\/14227\/revisions"}],"predecessor-version":[{"id":14231,"href":"https:\/\/drammen.katolsk.no\/index.php\/wp-json\/wp\/v2\/posts\/14227\/revisions\/14231"}],"wp:attachment":[{"href":"https:\/\/drammen.katolsk.no\/index.php\/wp-json\/wp\/v2\/media?parent=14227"}],"wp:term":[{"taxonomy":"category","embeddable":true,"href":"https:\/\/drammen.katolsk.no\/index.php\/wp-json\/wp\/v2\/categories?post=14227"},{"taxonomy":"post_tag","embeddable":true,"href":"https:\/\/drammen.katolsk.no\/index.php\/wp-json\/wp\/v2\/tags?post=14227"}],"curies":[{"name":"wp","href":"https:\/\/api.w.org\/{rel}","templated":true}]}}