{"id":14251,"date":"2023-11-09T18:56:42","date_gmt":"2023-11-09T17:56:42","guid":{"rendered":"https:\/\/drammen.katolsk.no\/?p=14251"},"modified":"2023-11-09T18:57:31","modified_gmt":"2023-11-09T17:57:31","slug":"viktig-kunngjoring-fra-drammen-caritas","status":"publish","type":"post","link":"https:\/\/drammen.katolsk.no\/index.php\/2023\/11\/09\/viktig-kunngjoring-fra-drammen-caritas\/","title":{"rendered":"Viktig kunngj\u00f8ring fra Caritas St.Laurentius"},"content":{"rendered":"<p><a href=\"https:\/\/drammen.katolsk.no\/WordPress\/wp-content\/uploads\/2017\/09\/caritas.gif\"><img loading=\"lazy\" decoding=\"async\" class=\"alignnone size-full wp-image-2041\" src=\"https:\/\/drammen.katolsk.no\/WordPress\/wp-content\/uploads\/2017\/09\/caritas.gif\" alt=\"\" width=\"51\" height=\"51\" data-id=\"2041\"><\/a><\/p>\n<p><span style=\"font-size: 12pt;\">Innledningsvis vil jeg si:<\/span><br \/>\n<span style=\"font-size: 12pt;\">P\u00e5 mange sm\u00e5 og store fjelltopper har mennesker bygget varder for \u00e5 markere det h\u00f8yeste punktet, for \u00e5 vise oss m\u00e5let. Ofte kan vi f\u00e5 \u00f8ye p\u00e5 det langt borte, lenge f\u00f8r vi har klatret opp alle de tunge bakkene. Det er godt \u00e5 vite hvor m\u00e5let er.<\/span><\/p>\n<p><span style=\"font-size: 12pt;\">N\u00e5r dette er sagt, s\u00e5 er det mange som gj\u00f8r vegen vanskelig.<\/span><\/p>\n<p><span style=\"font-size: 12pt;\">Vi mottok et strengt varsel tidlig torsdag den 2.november der det st\u00e5r at all virksomhet i Cappelens gate 5 skal v\u00e6re avsluttet innen fredag den 3. november klokken 12. Senere har vi f\u00e5tt beskjed om at alle d\u00f8rl\u00e5s blir skiftet torsdag denne uken og at alt utstyr og arkiv m\u00e5 v\u00e6re fjernet fra lokalene innen torsdag.<\/span><\/p>\n<p><span style=\"font-size: 12pt;\">Dette betyr:<\/span><br \/>\n<span style=\"font-size: 12pt;\">Katekese som over lang tid har foreg\u00e5tt i nevnte lokaler ikke har noe sted \u00e5 v\u00e6re.<\/span><br \/>\n<span style=\"font-size: 12pt;\">Caritas har avsluttet sitt arbeid ifra samme tidspunkt og ansatte er permittert. Det er ikke mulig \u00e5 drive caritas sitt arbeid uten \u00e5 ha et sted \u00e5 v\u00e6re. Dette er ogs\u00e5 meldt til Caritas Norge og Oslo Katolske Bisped\u00f8mme.<\/span><\/p>\n<p><span style=\"font-size: 12pt;\">Vi vet av erfaring etter korona epidemien der v\u00e5r aktivitet m\u00e5tte reduseres, hvor vanskelig det er \u00e5 gjenoppta aktiviteter etter en nedstengning.<\/span><br \/>\n<span style=\"font-size: 12pt;\">P\u00e5 grunn av den knappe tidsfristen har Caritas ikke hatt mulighet til \u00e5 avholde styrem\u00f8te om saken. Dette vil bli avholdt s\u00e5 snart som mulig.<\/span><br \/>\n<span style=\"font-size: 12pt;\">Daglig leder har kalt inn til ekstraordin\u00e6rt \u00e5rsm\u00f8te tirsdag den 5. desember klokken 18:30. M\u00f8tet avholdes i kirkens bibliotek. Sak til behandling er Caritas St.Laurentius sin framtid i Drammen. Andre saker kan ikke tas opp i nevnte ekstraordin\u00e6re \u00e5rsm\u00f8te. Dette i henhold til vedtektene.<\/span><\/p>\n<p><span style=\"font-size: 12pt;\">Dette til orientering for menigheten.<\/span><\/p>\n<p><span style=\"font-size: 12pt;\">Jeg vil st\u00e5 til disposisjon for \u00e5 svare p\u00e5 sp\u00f8rsm\u00e5l kommende dager, men kan ikke love at jeg kan svare p\u00e5 henvendelser til enhver tid.<\/span><\/p>\n<p><span style=\"font-size: 12pt;\">Trond Olav Aaring<\/span><br \/>\n<span style=\"font-size: 12pt;\">Leder Caritas St.Laurentius.<\/span><\/p>\n","protected":false},"excerpt":{"rendered":"<p>Innledningsvis vil jeg si: P\u00e5 mange sm\u00e5 og store fjelltopper har mennesker bygget varder for \u00e5 markere det h\u00f8yeste punktet,<\/p>\n","protected":false},"author":2,"featured_media":0,"comment_status":"closed","ping_status":"open","sticky":false,"template":"","format":"standard","meta":{"colormag_page_container_layout":"default_layout","colormag_page_sidebar_layout":"default_layout","ngg_post_thumbnail":0,"_jetpack_memberships_contains_paid_content":false,"footnotes":""},"categories":[10],"tags":[],"class_list":["post-14251","post","type-post","status-publish","format-standard","hentry","category-kunngjoringer"],"jetpack_featured_media_url":"","jetpack_sharing_enabled":true,"_links":{"self":[{"href":"https:\/\/drammen.katolsk.no\/index.php\/wp-json\/wp\/v2\/posts\/14251","targetHints":{"allow":["GET"]}}],"collection":[{"href":"https:\/\/drammen.katolsk.no\/index.php\/wp-json\/wp\/v2\/posts"}],"about":[{"href":"https:\/\/drammen.katolsk.no\/index.php\/wp-json\/wp\/v2\/types\/post"}],"author":[{"embeddable":true,"href":"https:\/\/drammen.katolsk.no\/index.php\/wp-json\/wp\/v2\/users\/2"}],"replies":[{"embeddable":true,"href":"https:\/\/drammen.katolsk.no\/index.php\/wp-json\/wp\/v2\/comments?post=14251"}],"version-history":[{"count":2,"href":"https:\/\/drammen.katolsk.no\/index.php\/wp-json\/wp\/v2\/posts\/14251\/revisions"}],"predecessor-version":[{"id":14253,"href":"https:\/\/drammen.katolsk.no\/index.php\/wp-json\/wp\/v2\/posts\/14251\/revisions\/14253"}],"wp:attachment":[{"href":"https:\/\/drammen.katolsk.no\/index.php\/wp-json\/wp\/v2\/media?parent=14251"}],"wp:term":[{"taxonomy":"category","embeddable":true,"href":"https:\/\/drammen.katolsk.no\/index.php\/wp-json\/wp\/v2\/categories?post=14251"},{"taxonomy":"post_tag","embeddable":true,"href":"https:\/\/drammen.katolsk.no\/index.php\/wp-json\/wp\/v2\/tags?post=14251"}],"curies":[{"name":"wp","href":"https:\/\/api.w.org\/{rel}","templated":true}]}}