{"id":14393,"date":"2023-12-16T17:35:46","date_gmt":"2023-12-16T16:35:46","guid":{"rendered":"https:\/\/drammen.katolsk.no\/?p=14393"},"modified":"2025-10-06T22:45:18","modified_gmt":"2025-10-06T20:45:18","slug":"menighetens-kalender-uke-51-6","status":"publish","type":"post","link":"https:\/\/drammen.katolsk.no\/index.php\/2023\/12\/16\/menighetens-kalender-uke-51-6\/","title":{"rendered":"Menighetens kalender uke 51"},"content":{"rendered":"<p>&nbsp;<\/p>\n<p><span style=\"color: #ff32ff;\"><strong><span style=\"font-size: 14pt;\">S\u00f8ndag 17.12&nbsp; &nbsp;3.S\u00d8NDAG I ADVENT &#8211; UNGDOMSADVENTSAKSJON&nbsp;<\/span><\/strong><\/span><br \/>\n<span style=\"color: #7f00ff;\"><strong><span style=\"font-size: 12pt;\">Kl 09.00 Messe p\u00e5 polsk<\/span><\/strong><\/span><br \/>\n<span style=\"color: #7f00ff;\"><strong><span style=\"font-size: 12pt;\">Kl 11.00 H\u00f8ymesse etterfulgt av adventsaksjon<\/span><\/strong><\/span><br \/>\n<span style=\"color: #7f00ff;\"><strong><span style=\"font-size: 12pt;\">Kl 16.00 Messe p\u00e5 polsk<\/span><\/strong><\/span><\/p>\n<p><span style=\"font-size: 12pt;\"><strong>Mandag 18.12&nbsp;<\/strong><br \/>\nKl 18.00 Messe p\u00e5 norsk<\/span><\/p>\n<p><span style=\"font-size: 12pt;\"><strong>Tirsdag 19.12&nbsp;<\/strong> &nbsp;<br \/>\nKl 18.00 Messe p\u00e5 norsk<\/span><\/p>\n<p><span style=\"font-size: 12pt;\"><strong>Onsdag 20.12<\/strong><br \/>\nKl 18.00 Messe p\u00e5 norsk<\/span><br \/>\n<span style=\"color: #cc6600;\"><strong><span style=\"font-size: 12pt;\">Kl 21.00 \u00d8kumenisk kompletorium<\/span><\/strong><\/span><\/p>\n<p><span style=\"font-size: 12pt;\"><strong>Torsdag 21.12<\/strong><br \/>\nKl 18.00 Messe p\u00e5 latin etterfulgt av tilbedelse<\/span><\/p>\n<p><span style=\"font-size: 12pt;\"><strong>Fredag 22.12<\/strong><br \/>\nKl 18.00 Messe p\u00e5 norsk<\/span><\/p>\n<p><span style=\"font-size: 12pt;\"><strong>L\u00f8rdag 23.12<\/strong><br \/>\nKl 13.00 S\u00f8ndagsmesse p\u00e5 norsk<\/span><br \/>\n<span style=\"font-size: 12pt;\">Kl 19.00 S\u00f8ndagsmesse p\u00e5 polsk<\/span><\/p>\n<p><span style=\"font-size: 14pt; color: #7f00ff;\"><strong>S\u00f8ndag 24.12&nbsp; &nbsp;4.S\u00d8NDAG I ADVENT<br \/>\n<\/strong><\/span><span style=\"color: #7f00ff;\"><strong><span style=\"font-size: 12pt;\">Kl 09.00 Messe p\u00e5 polsk<\/span><\/strong><\/span><br \/>\n<span style=\"font-size: 12pt;\"><span style=\"color: #7f00ff;\"><strong>Kl 11.00 H\u00f8ymesse<\/strong><\/span><\/span><\/p>\n<p><span style=\"color: #ff0000;\"><strong><span style=\"font-size: 14pt;\">Kl 15.00 Julefeiring starter<\/span><\/strong><\/span><br \/>\n<a href=\"https:\/\/drammen.katolsk.no\/\/images\/evangeliet\/2023\/JULEHOYTIDEN_PROGRAM2023.pdf\" target=\"_blank\" rel=\"noopener\"><span style=\"font-size: 12pt;\"><strong><span style=\"font-size: 14pt;\">Juleh\u00f8ytiden program 2023 &#8211; se eget program<\/span><\/strong><\/span><\/a><\/p>\n<p>&nbsp;<\/p>\n","protected":false},"excerpt":{"rendered":"<p>&nbsp; S\u00f8ndag 17.12&nbsp; &nbsp;3.S\u00d8NDAG I ADVENT &#8211; UNGDOMSADVENTSAKSJON&nbsp; Kl 09.00 Messe p\u00e5 polsk Kl 11.00 H\u00f8ymesse etterfulgt av adventsaksjon Kl<\/p>\n","protected":false},"author":2,"featured_media":0,"comment_status":"closed","ping_status":"open","sticky":false,"template":"","format":"standard","meta":{"colormag_page_container_layout":"default_layout","colormag_page_sidebar_layout":"default_layout","ngg_post_thumbnail":0,"_jetpack_memberships_contains_paid_content":false,"footnotes":""},"categories":[5],"tags":[],"class_list":["post-14393","post","type-post","status-publish","format-standard","hentry","category-messetider"],"jetpack_featured_media_url":"","jetpack_sharing_enabled":true,"_links":{"self":[{"href":"https:\/\/drammen.katolsk.no\/index.php\/wp-json\/wp\/v2\/posts\/14393","targetHints":{"allow":["GET"]}}],"collection":[{"href":"https:\/\/drammen.katolsk.no\/index.php\/wp-json\/wp\/v2\/posts"}],"about":[{"href":"https:\/\/drammen.katolsk.no\/index.php\/wp-json\/wp\/v2\/types\/post"}],"author":[{"embeddable":true,"href":"https:\/\/drammen.katolsk.no\/index.php\/wp-json\/wp\/v2\/users\/2"}],"replies":[{"embeddable":true,"href":"https:\/\/drammen.katolsk.no\/index.php\/wp-json\/wp\/v2\/comments?post=14393"}],"version-history":[{"count":6,"href":"https:\/\/drammen.katolsk.no\/index.php\/wp-json\/wp\/v2\/posts\/14393\/revisions"}],"predecessor-version":[{"id":17555,"href":"https:\/\/drammen.katolsk.no\/index.php\/wp-json\/wp\/v2\/posts\/14393\/revisions\/17555"}],"wp:attachment":[{"href":"https:\/\/drammen.katolsk.no\/index.php\/wp-json\/wp\/v2\/media?parent=14393"}],"wp:term":[{"taxonomy":"category","embeddable":true,"href":"https:\/\/drammen.katolsk.no\/index.php\/wp-json\/wp\/v2\/categories?post=14393"},{"taxonomy":"post_tag","embeddable":true,"href":"https:\/\/drammen.katolsk.no\/index.php\/wp-json\/wp\/v2\/tags?post=14393"}],"curies":[{"name":"wp","href":"https:\/\/api.w.org\/{rel}","templated":true}]}}