{"id":14588,"date":"2024-01-20T17:00:18","date_gmt":"2024-01-20T16:00:18","guid":{"rendered":"https:\/\/drammen.katolsk.no\/?p=14588"},"modified":"2024-01-21T10:37:04","modified_gmt":"2024-01-21T09:37:04","slug":"menighetens-kalender-uke-4-7","status":"publish","type":"post","link":"https:\/\/drammen.katolsk.no\/index.php\/2024\/01\/20\/menighetens-kalender-uke-4-7\/","title":{"rendered":"Menighetens kalender uke 4"},"content":{"rendered":"<p><a href=\"https:\/\/drammen.katolsk.no\/WordPress\/wp-content\/uploads\/2018\/03\/admin-ajax.jpg\"><img loading=\"lazy\" decoding=\"async\" class=\"alignnone wp-image-3645\" src=\"https:\/\/drammen.katolsk.no\/WordPress\/wp-content\/uploads\/2018\/03\/admin-ajax-150x150.jpg\" alt=\"\" width=\"119\" height=\"119\" data-id=\"3645\" srcset=\"https:\/\/drammen.katolsk.no\/wp-content\/uploads\/2018\/03\/admin-ajax-150x150.jpg 150w, https:\/\/drammen.katolsk.no\/wp-content\/uploads\/2018\/03\/admin-ajax-60x60.jpg 60w\" sizes=\"auto, (max-width: 119px) 100vw, 119px\" \/><\/a><\/p>\n<p><span style=\"font-size: 14pt; color: #009900;\"><strong>S\u00f8ndag 21.01&nbsp; &nbsp;3.s\u00f8ndag i det alminnelige kirke\u00e5r<\/strong><\/span><br \/>\n<span style=\"font-size: 12pt;\">Kl 09.00 Messe p\u00e5 polsk<\/span><br \/>\n<span style=\"font-size: 12pt;\">Kl 11.00 H\u00f8ymesse&nbsp;<\/span><br \/>\n<span style=\"font-size: 12pt;\">Kl 13.30 Messe p\u00e5 ukrainsk<\/span><br \/>\n<span style=\"font-size: 12pt;\">Kl 16.00 Messe p\u00e5 polsk<\/span><\/p>\n<p><strong><span style=\"font-size: 12pt;\">Mandag 22.01 Den hellige Vincent<\/span><\/strong><br \/>\n<span style=\"font-size: 12pt;\">Kl 18.00 Messe p\u00e5 norsk<\/span><\/p>\n<p><span style=\"font-size: 12pt;\"><strong>Tirsdag 23.01<\/strong><br \/>\nKl 18.00 Messe p\u00e5 norsk<\/span><\/p>\n<p><strong><span style=\"font-size: 12pt;\">Onsdag 24.01 Den hellige Frans av Sales<\/span><\/strong><br \/>\n<span style=\"font-size: 12pt;\">Kl 18.00 Messe p\u00e5 norsk<\/span><\/p>\n<p><strong><span style=\"font-size: 12pt;\">Torsdag 25.01 Apostelen Paulus\u2019 omvendelse<\/span><\/strong><br \/>\n<span style=\"font-size: 12pt;\">Kl 18.00 Messe p\u00e5 latin etterfulgt av tilbedelse<\/span><\/p>\n<p><span style=\"font-size: 12pt;\"><strong>Fredag 26.01<\/strong><br \/>\nKl 18.00 Messe p\u00e5 norsk<\/span><\/p>\n<p><span style=\"font-size: 12pt;\"><strong>L\u00f8rdag 27.01<\/strong><br \/>\nKl 13.00 S\u00f8ndagsmesse p\u00e5 norsk<\/span><br \/>\n<span style=\"font-size: 12pt;\">Kl 19.00 S\u00f8ndagsmesse p\u00e5 polsk<\/span><\/p>\n<p><span style=\"font-size: 14pt; color: #009900;\"><strong>S\u00f8ndag 28.01&nbsp; &nbsp;4.s\u00f8ndag i det alminnelige kirke\u00e5r<\/strong><\/span><br \/>\n<span style=\"font-size: 12pt;\">Kl 09.00 Messe p\u00e5 polsk<\/span><br \/>\n<strong><span style=\"font-size: 12pt; color: #994c00;\">Kl 11.00 1. kommunions barn undervisning&nbsp;<\/span><\/strong><br \/>\n<span style=\"font-size: 12pt;\">Kl 11.00&nbsp; H\u00f8ymesse<\/span><br \/>\n<span style=\"font-size: 12pt;\">Kl 13.00&nbsp; S\u00f8ndagsmesse med opplegg for <\/span><span style=\"font-size: 12pt;\">barnefamilier<\/span><br \/>\n<span style=\"font-size: 12pt;\">Kl 16.00&nbsp; Messe p\u00e5 polsk<\/span><br \/>\n<span style=\"font-size: 12pt;\">Kl 18.00&nbsp; Messe p\u00e5 swahili\/akrikansk<\/span><\/p>\n<p>&nbsp;<\/p>\n<p>&nbsp;<\/p>\n<p>&nbsp;<\/p>\n<p>&nbsp;<\/p>\n","protected":false},"excerpt":{"rendered":"<p>S\u00f8ndag 21.01&nbsp; &nbsp;3.s\u00f8ndag i det alminnelige kirke\u00e5r Kl 09.00 Messe p\u00e5 polsk Kl 11.00 H\u00f8ymesse&nbsp; Kl 13.30 Messe p\u00e5 ukrainsk<\/p>\n","protected":false},"author":2,"featured_media":0,"comment_status":"closed","ping_status":"open","sticky":false,"template":"","format":"standard","meta":{"colormag_page_container_layout":"default_layout","colormag_page_sidebar_layout":"default_layout","ngg_post_thumbnail":0,"_jetpack_memberships_contains_paid_content":false,"footnotes":""},"categories":[10,5],"tags":[],"class_list":["post-14588","post","type-post","status-publish","format-standard","hentry","category-kunngjoringer","category-messetider"],"jetpack_featured_media_url":"","jetpack_sharing_enabled":true,"_links":{"self":[{"href":"https:\/\/drammen.katolsk.no\/index.php\/wp-json\/wp\/v2\/posts\/14588","targetHints":{"allow":["GET"]}}],"collection":[{"href":"https:\/\/drammen.katolsk.no\/index.php\/wp-json\/wp\/v2\/posts"}],"about":[{"href":"https:\/\/drammen.katolsk.no\/index.php\/wp-json\/wp\/v2\/types\/post"}],"author":[{"embeddable":true,"href":"https:\/\/drammen.katolsk.no\/index.php\/wp-json\/wp\/v2\/users\/2"}],"replies":[{"embeddable":true,"href":"https:\/\/drammen.katolsk.no\/index.php\/wp-json\/wp\/v2\/comments?post=14588"}],"version-history":[{"count":5,"href":"https:\/\/drammen.katolsk.no\/index.php\/wp-json\/wp\/v2\/posts\/14588\/revisions"}],"predecessor-version":[{"id":14600,"href":"https:\/\/drammen.katolsk.no\/index.php\/wp-json\/wp\/v2\/posts\/14588\/revisions\/14600"}],"wp:attachment":[{"href":"https:\/\/drammen.katolsk.no\/index.php\/wp-json\/wp\/v2\/media?parent=14588"}],"wp:term":[{"taxonomy":"category","embeddable":true,"href":"https:\/\/drammen.katolsk.no\/index.php\/wp-json\/wp\/v2\/categories?post=14588"},{"taxonomy":"post_tag","embeddable":true,"href":"https:\/\/drammen.katolsk.no\/index.php\/wp-json\/wp\/v2\/tags?post=14588"}],"curies":[{"name":"wp","href":"https:\/\/api.w.org\/{rel}","templated":true}]}}