{"id":14664,"date":"2024-02-16T16:35:29","date_gmt":"2024-02-16T15:35:29","guid":{"rendered":"https:\/\/drammen.katolsk.no\/?p=14664"},"modified":"2024-02-19T22:12:24","modified_gmt":"2024-02-19T21:12:24","slug":"menighetens-kalender-uke-8-6","status":"publish","type":"post","link":"https:\/\/drammen.katolsk.no\/index.php\/2024\/02\/16\/menighetens-kalender-uke-8-6\/","title":{"rendered":"Menighetens kalender uke 8"},"content":{"rendered":"<p><a href=\"https:\/\/drammen.katolsk.no\/WordPress\/wp-content\/uploads\/2018\/03\/admin-ajax.jpg\"><img loading=\"lazy\" decoding=\"async\" class=\"alignnone wp-image-3645\" src=\"https:\/\/drammen.katolsk.no\/WordPress\/wp-content\/uploads\/2018\/03\/admin-ajax-150x150.jpg\" alt=\"\" width=\"108\" height=\"108\" data-id=\"3645\" srcset=\"https:\/\/drammen.katolsk.no\/wp-content\/uploads\/2018\/03\/admin-ajax-150x150.jpg 150w, https:\/\/drammen.katolsk.no\/wp-content\/uploads\/2018\/03\/admin-ajax-60x60.jpg 60w\" sizes=\"auto, (max-width: 108px) 100vw, 108px\" \/><\/a><\/p>\n<p><span style=\"font-size: 14pt; color: #6600cc;\"><strong>S\u00f8ndag 18.02&nbsp; &nbsp;1.s\u00f8ndag i fasten<\/strong><\/span><br \/>\n<span style=\"font-size: 12pt;\">Kl 09.00 Messe p\u00e5 polsk<\/span><br \/>\n<span style=\"font-size: 12pt;\">Kl 11.00 H\u00f8ymesse<\/span><br \/>\n<span style=\"font-size: 12pt;\">Kl 13.30 Messe p\u00e5 ukrainsk<\/span><br \/>\n<span style=\"font-size: 12pt;\">Kl 16.00 Messe p\u00e5 polsk<\/span><\/p>\n<p><span style=\"font-size: 12pt;\"><strong>Mandag 19.02<\/strong><br \/>\nKl 18.00 Messe p\u00e5 norsk<\/span><\/p>\n<p><span style=\"font-size: 12pt;\"><strong>Tirsdag 20.02<\/strong><br \/>\nKl 18.00 Messe p\u00e5 norsk <\/span><\/p>\n<p><span style=\"font-size: 12pt;\"><strong>Onsdag 21.02<\/strong><br \/>\nKl 18.00 Messe p\u00e5 norsk<\/span><\/p>\n<p><strong><span style=\"font-size: 12pt;\">Torsdag 22.02 Apostelen Petters stol<\/span><\/strong><br \/>\n<span style=\"font-size: 12pt;\">Kl 18.00 Messe p\u00e5 latin etterfulgt av tilbedelse<\/span><\/p>\n<p><strong><span style=\"font-size: 12pt; color: #6600cc;\">Fredag 23.02<br \/>\nKl 18.00 Messe med korsvei p\u00e5 norsk<\/span><\/strong><br \/>\n<strong><span style=\"font-size: 12pt; color: #6600cc;\">Kl 19.30Messe med korsvei p\u00e5 polsk<\/span><\/strong><\/p>\n<p><span style=\"font-size: 12pt;\"><strong>L\u00f8rdag 24.02<\/strong><br \/>\nKl 13.00 S\u00f8ndagsmesse p\u00e5 norsk<\/span><br \/>\n<span style=\"font-size: 12pt;\">Kl 19.00 S\u00f8ndagsmesse p\u00e5 polsk<\/span><\/p>\n<p><span style=\"font-size: 14pt; color: #6600cc;\"><strong>S\u00f8ndag 25.02&nbsp; &nbsp;2.s\u00f8ndag i fasten<\/strong><\/span><br \/>\n<span style=\"font-size: 12pt;\">Kl 09.00 Messe p\u00e5 polsk<\/span><br \/>\n<span style=\"color: #cc6600;\"><strong><span style=\"font-size: 12pt;\">Kl 11.00&nbsp; 1.kommunions barn undservisning<\/span><\/strong><\/span><br \/>\n<span style=\"font-size: 12pt;\">Kl 11.00 H\u00f8ymesse<\/span><br \/>\n<span style=\"font-size: 12pt;\">Kl 13.00&nbsp; S\u00f8ndagsmesse med opplegg for barnefamilier<\/span><br \/>\n<span style=\"font-size: 12pt;\">Kl 16.00 Messe p\u00e5 polsk<br \/>\nKl 18.00 Messe p\u00e5 swahili \/afrikansk<br \/>\n<\/span><\/p>\n<p>&nbsp;<\/p>\n","protected":false},"excerpt":{"rendered":"<p>S\u00f8ndag 18.02&nbsp; &nbsp;1.s\u00f8ndag i fasten Kl 09.00 Messe p\u00e5 polsk Kl 11.00 H\u00f8ymesse Kl 13.30 Messe p\u00e5 ukrainsk Kl 16.00<\/p>\n","protected":false},"author":2,"featured_media":0,"comment_status":"closed","ping_status":"open","sticky":false,"template":"","format":"standard","meta":{"colormag_page_container_layout":"default_layout","colormag_page_sidebar_layout":"default_layout","ngg_post_thumbnail":0,"_jetpack_memberships_contains_paid_content":false,"footnotes":""},"categories":[5],"tags":[],"class_list":["post-14664","post","type-post","status-publish","format-standard","hentry","category-messetider"],"jetpack_featured_media_url":"","jetpack_sharing_enabled":true,"_links":{"self":[{"href":"https:\/\/drammen.katolsk.no\/index.php\/wp-json\/wp\/v2\/posts\/14664","targetHints":{"allow":["GET"]}}],"collection":[{"href":"https:\/\/drammen.katolsk.no\/index.php\/wp-json\/wp\/v2\/posts"}],"about":[{"href":"https:\/\/drammen.katolsk.no\/index.php\/wp-json\/wp\/v2\/types\/post"}],"author":[{"embeddable":true,"href":"https:\/\/drammen.katolsk.no\/index.php\/wp-json\/wp\/v2\/users\/2"}],"replies":[{"embeddable":true,"href":"https:\/\/drammen.katolsk.no\/index.php\/wp-json\/wp\/v2\/comments?post=14664"}],"version-history":[{"count":5,"href":"https:\/\/drammen.katolsk.no\/index.php\/wp-json\/wp\/v2\/posts\/14664\/revisions"}],"predecessor-version":[{"id":14685,"href":"https:\/\/drammen.katolsk.no\/index.php\/wp-json\/wp\/v2\/posts\/14664\/revisions\/14685"}],"wp:attachment":[{"href":"https:\/\/drammen.katolsk.no\/index.php\/wp-json\/wp\/v2\/media?parent=14664"}],"wp:term":[{"taxonomy":"category","embeddable":true,"href":"https:\/\/drammen.katolsk.no\/index.php\/wp-json\/wp\/v2\/categories?post=14664"},{"taxonomy":"post_tag","embeddable":true,"href":"https:\/\/drammen.katolsk.no\/index.php\/wp-json\/wp\/v2\/tags?post=14664"}],"curies":[{"name":"wp","href":"https:\/\/api.w.org\/{rel}","templated":true}]}}