{"id":14767,"date":"2024-03-16T17:00:47","date_gmt":"2024-03-16T16:00:47","guid":{"rendered":"https:\/\/drammen.katolsk.no\/?p=14767"},"modified":"2024-03-22T07:46:46","modified_gmt":"2024-03-22T06:46:46","slug":"menighetens-kalender-uke-12-5","status":"publish","type":"post","link":"https:\/\/drammen.katolsk.no\/index.php\/2024\/03\/16\/menighetens-kalender-uke-12-5\/","title":{"rendered":"Menighetens kalender uke 12"},"content":{"rendered":"<p><a href=\"https:\/\/drammen.katolsk.no\/WordPress\/wp-content\/uploads\/2018\/03\/admin-ajax.jpg\"><img loading=\"lazy\" decoding=\"async\" class=\"alignnone wp-image-3645\" src=\"https:\/\/drammen.katolsk.no\/WordPress\/wp-content\/uploads\/2018\/03\/admin-ajax-150x150.jpg\" alt=\"\" width=\"108\" height=\"108\" data-id=\"3645\" srcset=\"https:\/\/drammen.katolsk.no\/wp-content\/uploads\/2018\/03\/admin-ajax-150x150.jpg 150w, https:\/\/drammen.katolsk.no\/wp-content\/uploads\/2018\/03\/admin-ajax-60x60.jpg 60w\" sizes=\"auto, (max-width: 108px) 100vw, 108px\" \/><\/a><\/p>\n<p><span style=\"font-size: 14pt; color: #6600cc;\"><strong>S\u00f8ndag 17.03&nbsp; &nbsp;5.s\u00f8ndag i fasten<\/strong><\/span><br \/>\n<span style=\"font-size: 12pt;\">Kl 09.00 Messe p\u00e5 polsk<\/span><br \/>\n<span style=\"font-size: 12pt;\">Kl 11.00 1.kommunions barn undervisning<\/span><br \/>\n<span style=\"font-size: 12pt;\">Kl 11.00 H\u00f8ymesse<\/span><br \/>\n<span style=\"font-size: 12pt;\">Kl 13.00 S\u00f8ndagsmesse med opplegg <\/span><span style=\"font-size: 12pt;\">for barnefamilier<\/span><br \/>\n<span style=\"font-size: 12pt;\">Kl 14.00 Messe p\u00e5 ukrainsk<\/span><br \/>\n<span style=\"font-size: 12pt;\">Kl 16.00 Messe p\u00e5 polsk<\/span><\/p>\n<p><span style=\"font-size: 12pt;\"><strong>Mandag 18.03<\/strong><br \/>\nKl 18.00 Messe p\u00e5 norsk<\/span><\/p>\n<p><span style=\"font-size: 12pt;\"><strong>Tirsdag 19.03<\/strong><br \/>\nH\u00f8ytiden for den hellige Josef, <\/span><span style=\"font-size: 12pt;\">jomfru Marias brudgom<\/span><br \/>\n<span style=\"font-size: 12pt;\">Kl 18.00 Messe p\u00e5 norsk <\/span><\/p>\n<p><span style=\"font-size: 12pt;\"><strong>Onsdag 20.03<\/strong><br \/>\nKl 18.00 Messe p\u00e5 norsk<\/span><\/p>\n<p><span style=\"font-size: 12pt;\"><strong>Torsdag 21.03<\/strong><br \/>\nKl 18.00 Messe p\u00e5 latin etterfulgt av tilbedelse<\/span><\/p>\n<p><span style=\"font-size: 12pt;\"><strong>Fredag 22.03<\/strong><br \/>\nKl 18.00 Messe med korsvei p\u00e5 norsk<\/span><br \/>\n<span style=\"font-size: 12pt;\">Kl 20.00 Messe med korsvei p\u00e5 polsk<\/span><\/p>\n<p><span style=\"font-size: 12pt;\"><strong>L\u00f8rdag 23.03<\/strong><br \/>\nKl 13.00 S\u00f8ndagsmesse p\u00e5 norsk<\/span><br \/>\n<span style=\"font-size: 12pt;\">Kl 19.00 S\u00f8ndagsmesse p\u00e5 polsk<\/span><\/p>\n<p><span style=\"font-size: 14pt; color: #ff0000;\"><strong>S\u00f8ndag 24.03&nbsp; &nbsp;Palmes\u00f8ndag<\/strong><\/span><br \/>\n<span style=\"font-size: 12pt; color: #ff0000;\">Kl 09.00 Messe p\u00e5 polsk<\/span><br \/>\n<span style=\"color: #ff0000;\"><span style=\"font-size: 12pt;\">Kl 10.30 \u00d8kumenisk samling og palmeprosesjon fra <\/span><span style=\"font-size: 12pt;\">Bragernes kirke<\/span><\/span><br \/>\n<span style=\"font-size: 12pt; color: #ff0000;\">Kl 11.00 Palmes\u00f8ndags h\u00f8ymesse<\/span><br \/>\n<span style=\"font-size: 12pt; color: #ff0000;\">Kl 16.00 Messe p\u00e5 polsk<\/span><\/p>\n<p>&nbsp;<\/p>\n<p>&nbsp;<\/p>\n","protected":false},"excerpt":{"rendered":"<p>S\u00f8ndag 17.03&nbsp; &nbsp;5.s\u00f8ndag i fasten Kl 09.00 Messe p\u00e5 polsk Kl 11.00 1.kommunions barn undervisning Kl 11.00 H\u00f8ymesse Kl 13.00<\/p>\n","protected":false},"author":2,"featured_media":0,"comment_status":"closed","ping_status":"open","sticky":false,"template":"","format":"standard","meta":{"colormag_page_container_layout":"default_layout","colormag_page_sidebar_layout":"default_layout","ngg_post_thumbnail":0,"_jetpack_memberships_contains_paid_content":false,"footnotes":""},"categories":[5],"tags":[],"class_list":["post-14767","post","type-post","status-publish","format-standard","hentry","category-messetider"],"jetpack_featured_media_url":"","jetpack_sharing_enabled":true,"_links":{"self":[{"href":"https:\/\/drammen.katolsk.no\/index.php\/wp-json\/wp\/v2\/posts\/14767","targetHints":{"allow":["GET"]}}],"collection":[{"href":"https:\/\/drammen.katolsk.no\/index.php\/wp-json\/wp\/v2\/posts"}],"about":[{"href":"https:\/\/drammen.katolsk.no\/index.php\/wp-json\/wp\/v2\/types\/post"}],"author":[{"embeddable":true,"href":"https:\/\/drammen.katolsk.no\/index.php\/wp-json\/wp\/v2\/users\/2"}],"replies":[{"embeddable":true,"href":"https:\/\/drammen.katolsk.no\/index.php\/wp-json\/wp\/v2\/comments?post=14767"}],"version-history":[{"count":2,"href":"https:\/\/drammen.katolsk.no\/index.php\/wp-json\/wp\/v2\/posts\/14767\/revisions"}],"predecessor-version":[{"id":14785,"href":"https:\/\/drammen.katolsk.no\/index.php\/wp-json\/wp\/v2\/posts\/14767\/revisions\/14785"}],"wp:attachment":[{"href":"https:\/\/drammen.katolsk.no\/index.php\/wp-json\/wp\/v2\/media?parent=14767"}],"wp:term":[{"taxonomy":"category","embeddable":true,"href":"https:\/\/drammen.katolsk.no\/index.php\/wp-json\/wp\/v2\/categories?post=14767"},{"taxonomy":"post_tag","embeddable":true,"href":"https:\/\/drammen.katolsk.no\/index.php\/wp-json\/wp\/v2\/tags?post=14767"}],"curies":[{"name":"wp","href":"https:\/\/api.w.org\/{rel}","templated":true}]}}