{"id":14946,"date":"2024-05-18T07:39:46","date_gmt":"2024-05-18T05:39:46","guid":{"rendered":"https:\/\/drammen.katolsk.no\/?p=14946"},"modified":"2024-05-26T22:34:06","modified_gmt":"2024-05-26T20:34:06","slug":"menighetens-kalender-uke-21-6","status":"publish","type":"post","link":"https:\/\/drammen.katolsk.no\/index.php\/2024\/05\/18\/menighetens-kalender-uke-21-6\/","title":{"rendered":"Menighetens kalender uke 21"},"content":{"rendered":"<p><a href=\"https:\/\/drammen.katolsk.no\/WordPress\/wp-content\/uploads\/2018\/03\/admin-ajax.jpg\"><img loading=\"lazy\" decoding=\"async\" class=\"alignnone wp-image-3645\" src=\"https:\/\/drammen.katolsk.no\/WordPress\/wp-content\/uploads\/2018\/03\/admin-ajax-150x150.jpg\" alt=\"\" width=\"108\" height=\"108\" data-id=\"3645\" srcset=\"https:\/\/drammen.katolsk.no\/wp-content\/uploads\/2018\/03\/admin-ajax-150x150.jpg 150w, https:\/\/drammen.katolsk.no\/wp-content\/uploads\/2018\/03\/admin-ajax-60x60.jpg 60w\" sizes=\"auto, (max-width: 108px) 100vw, 108px\" \/><\/a><\/p>\n<p><span style=\"font-size: 14pt; color: #ff0000;\"><strong>I MAIM\u00c5NED BES ROSENKRANSEN F\u00d8R MESSENE<\/strong><\/span><\/p>\n<p><span style=\"font-size: 14pt; color: #ff0000;\"><strong>S\u00f8ndag 19.05&nbsp; &nbsp;PINSEH\u00d8YTID \u2013 INTERNASJONAL PINSEFEIRING<\/strong><\/span><br \/>\n<span style=\"font-size: 12pt; color: #ff0000;\">Kl 11.00 Utend\u00f8rs fellesmesse<\/span><br \/>\n<a href=\"https:\/\/drammen.katolsk.no\/vedlegg\/Internasjonal_pinsefest_2024.pdf\" target=\"_blank\" rel=\"noopener\"><span style=\"font-size: 12pt; color: #ff0000;\">(se eget opplegg)<\/span><\/a><\/p>\n<p><span style=\"color: #ff0000;\"><strong><span style=\"font-size: 12pt;\">Mandag 20.05 &nbsp; Annen pinsedag&nbsp;<\/span><\/strong><\/span><br \/>\n<span style=\"font-size: 12pt; color: #ff0000;\">Den saglige Jomfru Maria, Kirkens Mor<\/span><br \/>\n<span style=\"font-size: 12pt; color: #ff0000;\">Kl 11.00 Messe p\u00e5 norsk etterfulgt av rosenkrans<\/span><\/p>\n<p><strong><span style=\"font-size: 12pt;\">Tirsdag 21.05 &nbsp; Den hellige Kristoffer Magallanes og ledsagere<\/span><\/strong><br \/>\n<span style=\"font-size: 12pt;\">Kl 17.30 Rosenkrans etterfulgt av messe <\/span><\/p>\n<p><strong><span style=\"font-size: 12pt;\">Onsdag 22.05 &nbsp;<\/span><\/strong><br \/>\n<span style=\"font-size: 12pt;\">Kl 17.30 Rosenkrans etterfulgt av messe<\/span><\/p>\n<p><strong><span style=\"font-size: 12pt;\">Torsdag 23.05<\/span><\/strong><br \/>\n<span style=\"font-size: 12pt;\">Kl 17.30 Rosenkrans etterfulgt av messe p\u00e5 latin<\/span><\/p>\n<p><strong><span style=\"font-size: 12pt;\">Fredag 24.05<\/span><\/strong><br \/>\n<span style=\"font-size: 12pt;\">Kl 17.30 Rosenkrans etterfulgt av messe<\/span><\/p>\n<p><span style=\"font-size: 12pt;\"><strong>L\u00f8rdag 25.05<\/strong><br \/>\nKl 13.00 S\u00f8ndagsmesse p\u00e5 norsk<\/span><\/p>\n<p><span style=\"font-size: 14pt; color: #ff0000;\"><strong>S\u00f8ndag 26.05&nbsp; &nbsp;Den hellige Treenighet<\/strong><\/span><br \/>\n<span style=\"color: #cc6600;\"><strong><span style=\"font-size: 12pt;\">Kl 11.00&nbsp; 1.kommunions barn undervisning<\/span><\/strong><\/span><br \/>\n<span style=\"font-size: 12pt; color: #ff0000;\">Kl 11.00 H\u00f8ymesse<\/span><br \/>\n<span style=\"font-size: 12pt; color: #ff0000;\">Kl 13.00 S\u00f8ndagsmesse med opplegg for barnefamilier<\/span><br \/>\n<span style=\"font-size: 12pt; color: #ff0000;\">Kl 16.00 Messe p\u00e5 polsk<\/span><br \/>\n<span style=\"font-size: 12pt; color: #ff0000;\">Kl 18.00 Messe p\u00e5 Swahili<\/span><\/p>\n<p><span style=\"color: #cc6600;\"><strong><span style=\"font-size: 12pt;\"><br \/>\n<span style=\"font-size: 14pt; color: #cc0000;\">Kunngj\u00f8ring:<\/span><\/span><\/strong><\/span><br \/>\n<span style=\"font-size: 12pt;\">Det blir ingen messe p\u00e5 polsk p\u00e5 <\/span><span style=\"font-size: 12pt;\"><span style=\"color: #320000;\"><strong>l\u00f8rdag 25.mai kl.19.00<\/strong><\/span> og <\/span><strong><span style=\"color: #320000;\"><span style=\"font-size: 12pt;\">s\u00f8ndag 26.mai kl.09.00<\/span><\/span><\/strong><\/p>\n","protected":false},"excerpt":{"rendered":"<p>I MAIM\u00c5NED BES ROSENKRANSEN F\u00d8R MESSENE S\u00f8ndag 19.05&nbsp; &nbsp;PINSEH\u00d8YTID \u2013 INTERNASJONAL PINSEFEIRING Kl 11.00 Utend\u00f8rs fellesmesse (se eget opplegg) Mandag<\/p>\n","protected":false},"author":2,"featured_media":0,"comment_status":"closed","ping_status":"open","sticky":false,"template":"","format":"standard","meta":{"colormag_page_container_layout":"default_layout","colormag_page_sidebar_layout":"default_layout","ngg_post_thumbnail":0,"_jetpack_memberships_contains_paid_content":false,"footnotes":""},"categories":[5],"tags":[],"class_list":["post-14946","post","type-post","status-publish","format-standard","hentry","category-messetider"],"jetpack_featured_media_url":"","jetpack_sharing_enabled":true,"_links":{"self":[{"href":"https:\/\/drammen.katolsk.no\/index.php\/wp-json\/wp\/v2\/posts\/14946","targetHints":{"allow":["GET"]}}],"collection":[{"href":"https:\/\/drammen.katolsk.no\/index.php\/wp-json\/wp\/v2\/posts"}],"about":[{"href":"https:\/\/drammen.katolsk.no\/index.php\/wp-json\/wp\/v2\/types\/post"}],"author":[{"embeddable":true,"href":"https:\/\/drammen.katolsk.no\/index.php\/wp-json\/wp\/v2\/users\/2"}],"replies":[{"embeddable":true,"href":"https:\/\/drammen.katolsk.no\/index.php\/wp-json\/wp\/v2\/comments?post=14946"}],"version-history":[{"count":6,"href":"https:\/\/drammen.katolsk.no\/index.php\/wp-json\/wp\/v2\/posts\/14946\/revisions"}],"predecessor-version":[{"id":14984,"href":"https:\/\/drammen.katolsk.no\/index.php\/wp-json\/wp\/v2\/posts\/14946\/revisions\/14984"}],"wp:attachment":[{"href":"https:\/\/drammen.katolsk.no\/index.php\/wp-json\/wp\/v2\/media?parent=14946"}],"wp:term":[{"taxonomy":"category","embeddable":true,"href":"https:\/\/drammen.katolsk.no\/index.php\/wp-json\/wp\/v2\/categories?post=14946"},{"taxonomy":"post_tag","embeddable":true,"href":"https:\/\/drammen.katolsk.no\/index.php\/wp-json\/wp\/v2\/tags?post=14946"}],"curies":[{"name":"wp","href":"https:\/\/api.w.org\/{rel}","templated":true}]}}