{"id":15823,"date":"2024-11-23T09:40:07","date_gmt":"2024-11-23T08:40:07","guid":{"rendered":"https:\/\/drammen.katolsk.no\/?p=15823"},"modified":"2024-11-25T11:49:03","modified_gmt":"2024-11-25T10:49:03","slug":"menighetens-kalender-uke-48-7","status":"publish","type":"post","link":"https:\/\/drammen.katolsk.no\/index.php\/2024\/11\/23\/menighetens-kalender-uke-48-7\/","title":{"rendered":"Menighetens kalender uke 48"},"content":{"rendered":"<p><a href=\"https:\/\/drammen.katolsk.no\/WordPress\/wp-content\/uploads\/2018\/03\/admin-ajax.jpg\"><img loading=\"lazy\" decoding=\"async\" class=\"alignnone wp-image-3645\" src=\"https:\/\/drammen.katolsk.no\/WordPress\/wp-content\/uploads\/2018\/03\/admin-ajax-150x150.jpg\" alt=\"\" width=\"114\" height=\"114\" data-id=\"3645\" srcset=\"https:\/\/drammen.katolsk.no\/wp-content\/uploads\/2018\/03\/admin-ajax-150x150.jpg 150w, https:\/\/drammen.katolsk.no\/wp-content\/uploads\/2018\/03\/admin-ajax-60x60.jpg 60w\" sizes=\"auto, (max-width: 114px) 100vw, 114px\" \/><\/a><\/p>\n<p><span style=\"font-size: 14pt; color: #ff0000;\"><strong>S\u00f8ndag 24.11&nbsp; KRISTI KONGEFEST<\/strong><\/span><br \/>\n<span style=\"font-size: 12pt;\">Kl.09.00 Messe p\u00e5 polsk<\/span><br \/>\n<span style=\"font-size: 12pt;\">Kl.11.00 H\u00f8ymesse<\/span><br \/>\n<span style=\"font-size: 12pt;\">Innsettelse av sogneprest av Generalvikar<\/span><br \/>\n<span style=\"font-size: 12pt;\">Kl 14.00 Messe p\u00e5 ukrainsk<\/span><br \/>\n<span style=\"font-size: 12pt;\">Kl.16:00 Messe p\u00e5 polsk<\/span><\/p>\n<p><span style=\"font-size: 12pt;\"><strong>Mandag 25.11<\/strong><br \/>\nKl.18.00 Messe p\u00e5 norsk<\/span><\/p>\n<p><span style=\"font-size: 12pt;\"><strong>Tirsdag 26.11<\/strong><br \/>\nKl.18.00 Messe p\u00e5 norsk<\/span><br \/>\n<span style=\"font-size: 12pt; color: #cc6600;\">Kl 18.30 Voksenkatekese<\/span><\/p>\n<p><span style=\"font-size: 12pt;\"><strong>Onsdag 27.11<\/strong><br \/>\nKl.18.00 Messe p\u00e5 norsk<\/span><\/p>\n<p><span style=\"font-size: 12pt;\"><strong>Torsdag 28.11<\/strong><br \/>\nKl 18.00 Messe p\u00e5 latin etterfulgt av tilbedelse<\/span><\/p>\n<p><span style=\"font-size: 12pt;\"><strong>Fredag 29.11<\/strong><br \/>\nKl 18.00 Messe p\u00e5 norsk<\/span><\/p>\n<p><strong><span style=\"font-size: 12pt;\">L\u00f8rdag 30.11 Den hellige Andreas<\/span><\/strong><br \/>\n<span style=\"font-size: 12pt;\">Kl 13.00 Messe p\u00e5 norsk<\/span><\/p>\n<p><span style=\"font-size: 14pt; color: #6600cc;\"><strong>S\u00f8ndag 01.12&nbsp; 1.S\u00d8NDAG I ADVENT<\/strong><\/span><br \/>\n<span style=\"font-size: 12pt;\">Kl.09.00 Messe p\u00e5 polsk<\/span><br \/>\n<span style=\"font-size: 12pt;\">Kl.11.00 H\u00f8ymesse<\/span><br \/>\n<span style=\"font-size: 12pt;\">Kl 13.00 Messe p\u00e5 vietnamesisk<\/span><br \/>\n<span style=\"color: #cc6600;\"><strong><span style=\"font-size: 12pt;\">Kl 15.00 Felles Barmhjertighetsb\u00f8nn<\/span><\/strong><\/span><br \/>\n<span style=\"font-size: 12pt;\">Kl.16:00 Messe p\u00e5 polsk<\/span><\/p>\n","protected":false},"excerpt":{"rendered":"<p>S\u00f8ndag 24.11&nbsp; KRISTI KONGEFEST Kl.09.00 Messe p\u00e5 polsk Kl.11.00 H\u00f8ymesse Innsettelse av sogneprest av Generalvikar Kl 14.00 Messe p\u00e5 ukrainsk<\/p>\n","protected":false},"author":2,"featured_media":0,"comment_status":"closed","ping_status":"open","sticky":false,"template":"","format":"standard","meta":{"colormag_page_container_layout":"default_layout","colormag_page_sidebar_layout":"default_layout","ngg_post_thumbnail":0,"_jetpack_memberships_contains_paid_content":false,"footnotes":""},"categories":[5],"tags":[],"class_list":["post-15823","post","type-post","status-publish","format-standard","hentry","category-messetider"],"jetpack_featured_media_url":"","jetpack_sharing_enabled":true,"_links":{"self":[{"href":"https:\/\/drammen.katolsk.no\/index.php\/wp-json\/wp\/v2\/posts\/15823","targetHints":{"allow":["GET"]}}],"collection":[{"href":"https:\/\/drammen.katolsk.no\/index.php\/wp-json\/wp\/v2\/posts"}],"about":[{"href":"https:\/\/drammen.katolsk.no\/index.php\/wp-json\/wp\/v2\/types\/post"}],"author":[{"embeddable":true,"href":"https:\/\/drammen.katolsk.no\/index.php\/wp-json\/wp\/v2\/users\/2"}],"replies":[{"embeddable":true,"href":"https:\/\/drammen.katolsk.no\/index.php\/wp-json\/wp\/v2\/comments?post=15823"}],"version-history":[{"count":3,"href":"https:\/\/drammen.katolsk.no\/index.php\/wp-json\/wp\/v2\/posts\/15823\/revisions"}],"predecessor-version":[{"id":15827,"href":"https:\/\/drammen.katolsk.no\/index.php\/wp-json\/wp\/v2\/posts\/15823\/revisions\/15827"}],"wp:attachment":[{"href":"https:\/\/drammen.katolsk.no\/index.php\/wp-json\/wp\/v2\/media?parent=15823"}],"wp:term":[{"taxonomy":"category","embeddable":true,"href":"https:\/\/drammen.katolsk.no\/index.php\/wp-json\/wp\/v2\/categories?post=15823"},{"taxonomy":"post_tag","embeddable":true,"href":"https:\/\/drammen.katolsk.no\/index.php\/wp-json\/wp\/v2\/tags?post=15823"}],"curies":[{"name":"wp","href":"https:\/\/api.w.org\/{rel}","templated":true}]}}