{"id":15836,"date":"2024-11-30T10:16:11","date_gmt":"2024-11-30T09:16:11","guid":{"rendered":"https:\/\/drammen.katolsk.no\/?p=15836"},"modified":"2025-10-06T22:47:42","modified_gmt":"2025-10-06T20:47:42","slug":"menighetens-kalender-uke-49-7","status":"publish","type":"post","link":"https:\/\/drammen.katolsk.no\/index.php\/2024\/11\/30\/menighetens-kalender-uke-49-7\/","title":{"rendered":"Menighetens kalender uke 49"},"content":{"rendered":"<p>&nbsp;<\/p>\n<p><span style=\"font-size: 14pt; color: #4c0099;\"><strong>S\u00f8ndag 01.12&nbsp; &nbsp;1.S\u00d8NDAG I ADVENT<\/strong><\/span><br \/>\n<span style=\"font-size: 12pt;\">Kl.09.00 Messe p\u00e5 polsk<\/span><br \/>\n<span style=\"font-size: 12pt;\">Kl.11.00 H\u00f8ymesse<\/span><br \/>\n<span style=\"font-size: 12pt;\">Kl 13.00 Messe p\u00e5 vietnamesisk<\/span><br \/>\n<strong><span style=\"font-size: 12pt; color: #cc6600;\">Kl 15.00 Felles Barmhjertighetsb\u00f8nn<\/span><\/strong><br \/>\n<span style=\"font-size: 12pt;\">Kl.16:00 Messe p\u00e5 polsk<\/span><\/p>\n<p><span style=\"font-size: 12pt;\"><strong>Mandag 02.12<\/strong><br \/>\n<\/span><span style=\"font-size: 12pt;\">Kl.18.00 Messe p\u00e5 norsk<\/span><\/p>\n<p><strong><span style=\"font-size: 12pt;\">Tirsdag 03.12 Den hellige Frans Xavier<\/span><\/strong><br \/>\n<span style=\"color: #cc6600;\"><strong><span style=\"font-size: 12pt;\">Kl 17.30 Advents andakt for barna<\/span><\/strong><\/span><br \/>\n<span style=\"font-size: 12pt;\">Kl.18.00 Messe p\u00e5 norsk<\/span><\/p>\n<p><span style=\"font-size: 12pt;\"><strong>Onsdag 04.12<\/strong><br \/>\nKl.18.00 Messe p\u00e5 norsk<\/span><br \/>\n<span style=\"color: #cc6600;\"><strong><span style=\"font-size: 12pt;\">Kl 21.00 Completorium<\/span><\/strong><\/span><\/p>\n<p><span style=\"font-size: 12pt;\"><strong>Torsdag 05.12 Den hellige Johannes av Damaskus<\/strong><br \/>\nKl 18.00 Messe p\u00e5 latin etterfulgt av tilbedelse<\/span><\/p>\n<p><span style=\"font-size: 12pt;\"><strong>Fredag 06.12 Den hellige Nikolas<\/strong><br \/>\nKl 18.00 Messe p\u00e5 norsk<\/span><br \/>\n<span style=\"font-size: 12pt;\">Kl 20.00 Messe p\u00e5 polsk<\/span><\/p>\n<p><strong><span style=\"font-size: 12pt;\">L\u00f8rdag 07.12 Den hellige Ambrosius<\/span><\/strong><br \/>\n<span style=\"color: #cc6600;\"><strong><span style=\"font-size: 12pt;\">Kl 10.00 L\u00f8rdagskatekese<\/span><\/strong><\/span><br \/>\n<span style=\"font-size: 12pt;\">Kl 13.00 Messe p\u00e5 norsk<\/span><br \/>\n<span style=\"font-size: 12pt;\">Kl 16.00 Messe p\u00e5 filippinsk\/engelsk<\/span><\/p>\n<p><span style=\"font-size: 14pt; color: #4c0099;\"><strong>S\u00f8ndag 08.12&nbsp; 2.S\u00d8NDAG I ADVENT<\/strong><\/span><br \/>\n<span style=\"font-size: 12pt;\">Kl.09.00 Messe p\u00e5 polsk<\/span><br \/>\n<span style=\"font-size: 12pt;\">Kl.11.00 H\u00f8ymesse<\/span><br \/>\n<span style=\"font-size: 12pt;\">Kl.16:00 Messe p\u00e5 polsk<\/span><br \/>\n<span style=\"font-size: 12pt;\">Kl 18.00 Messe p\u00e5 litauisk<\/span><\/p>\n<p>&nbsp;<\/p>\n","protected":false},"excerpt":{"rendered":"<p>&nbsp; S\u00f8ndag 01.12&nbsp; &nbsp;1.S\u00d8NDAG I ADVENT Kl.09.00 Messe p\u00e5 polsk Kl.11.00 H\u00f8ymesse Kl 13.00 Messe p\u00e5 vietnamesisk Kl 15.00 Felles<\/p>\n","protected":false},"author":2,"featured_media":0,"comment_status":"closed","ping_status":"open","sticky":false,"template":"","format":"standard","meta":{"colormag_page_container_layout":"default_layout","colormag_page_sidebar_layout":"default_layout","ngg_post_thumbnail":0,"_jetpack_memberships_contains_paid_content":false,"footnotes":""},"categories":[5],"tags":[],"class_list":["post-15836","post","type-post","status-publish","format-standard","hentry","category-messetider"],"jetpack_featured_media_url":"","jetpack_sharing_enabled":true,"_links":{"self":[{"href":"https:\/\/drammen.katolsk.no\/index.php\/wp-json\/wp\/v2\/posts\/15836","targetHints":{"allow":["GET"]}}],"collection":[{"href":"https:\/\/drammen.katolsk.no\/index.php\/wp-json\/wp\/v2\/posts"}],"about":[{"href":"https:\/\/drammen.katolsk.no\/index.php\/wp-json\/wp\/v2\/types\/post"}],"author":[{"embeddable":true,"href":"https:\/\/drammen.katolsk.no\/index.php\/wp-json\/wp\/v2\/users\/2"}],"replies":[{"embeddable":true,"href":"https:\/\/drammen.katolsk.no\/index.php\/wp-json\/wp\/v2\/comments?post=15836"}],"version-history":[{"count":5,"href":"https:\/\/drammen.katolsk.no\/index.php\/wp-json\/wp\/v2\/posts\/15836\/revisions"}],"predecessor-version":[{"id":17559,"href":"https:\/\/drammen.katolsk.no\/index.php\/wp-json\/wp\/v2\/posts\/15836\/revisions\/17559"}],"wp:attachment":[{"href":"https:\/\/drammen.katolsk.no\/index.php\/wp-json\/wp\/v2\/media?parent=15836"}],"wp:term":[{"taxonomy":"category","embeddable":true,"href":"https:\/\/drammen.katolsk.no\/index.php\/wp-json\/wp\/v2\/categories?post=15836"},{"taxonomy":"post_tag","embeddable":true,"href":"https:\/\/drammen.katolsk.no\/index.php\/wp-json\/wp\/v2\/tags?post=15836"}],"curies":[{"name":"wp","href":"https:\/\/api.w.org\/{rel}","templated":true}]}}