{"id":16585,"date":"2025-03-07T13:45:18","date_gmt":"2025-03-07T12:45:18","guid":{"rendered":"https:\/\/drammen.katolsk.no\/?p=16585"},"modified":"2025-03-11T21:14:39","modified_gmt":"2025-03-11T20:14:39","slug":"menighetens-kalender-uke-11-7","status":"publish","type":"post","link":"https:\/\/drammen.katolsk.no\/index.php\/2025\/03\/07\/menighetens-kalender-uke-11-7\/","title":{"rendered":"Menighetens kalender uke 11"},"content":{"rendered":"<p><a href=\"https:\/\/drammen.katolsk.no\/wp-content\/uploads\/2018\/03\/admin-ajax.jpg\"><img loading=\"lazy\" decoding=\"async\" class=\"alignnone wp-image-3645\" src=\"https:\/\/drammen.katolsk.no\/wp-content\/uploads\/2018\/03\/admin-ajax-150x150.jpg\" alt=\"\" width=\"93\" height=\"93\" data-id=\"3645\" srcset=\"https:\/\/drammen.katolsk.no\/wp-content\/uploads\/2018\/03\/admin-ajax-150x150.jpg 150w, https:\/\/drammen.katolsk.no\/wp-content\/uploads\/2018\/03\/admin-ajax-60x60.jpg 60w\" sizes=\"auto, (max-width: 93px) 100vw, 93px\" \/><\/a><\/p>\n<p><span style=\"font-size: 14pt; color: #6600cc;\"><strong>S\u00f8ndag 09.03&nbsp; &nbsp;1.S\u00d8NDAG I FASTEN<\/strong><\/span><br \/>\n<span style=\"font-size: 12pt;\">Kl. 09.00 Messe p\u00e5 polsk<\/span><br \/>\n<span style=\"font-size: 12pt;\">Kl. 11.00 H\u00f8ymesse<\/span><br \/>\n<span style=\"font-size: 12pt;\">Kl. 16.00 Messe p\u00e5 polsk<\/span><br \/>\n<span style=\"font-size: 12pt;\">Kl. 18.00 Messe p\u00e5 litauisk<\/span><\/p>\n<p><span style=\"font-size: 12pt;\"><strong>Mandag 10.03<\/strong><br \/>\nKl. 18.00 Messe p\u00e5 norsk<\/span><\/p>\n<p><span style=\"font-size: 12pt;\"><strong>Tirsdag 11.03<\/strong><br \/>\nKl. 18.00 Messe p\u00e5 norsk<\/span><\/p>\n<p><span style=\"font-size: 12pt;\"><strong>Onsdag 12.03<\/strong><br \/>\nKl. 18.00 Messe p\u00e5 norsk<\/span><\/p>\n<p><span style=\"font-size: 12pt;\"><strong>Torsdag 13.03<\/strong><br \/>\nKl. 18.00 Messe p\u00e5 latin etterfulgt av tilbedelse<\/span><\/p>\n<p><span style=\"font-size: 12pt;\"><strong>Fredag 14.03<\/strong><br \/>\n<span style=\"color: #6600cc;\"><strong>Kl. 17.30 Korsveiandakt<\/strong><\/span><\/span><br \/>\n<span style=\"font-size: 12pt;\">Kl. 18.00 Messe p\u00e5 norsk<br \/>\n<\/span><span style=\"font-size: 12pt;\"><strong><span style=\"color: #6600cc;\">Kl. 19.30 Korsveiandakt p\u00e5 polsk<\/span><\/strong><br \/>\n<\/span><span style=\"font-size: 12pt;\">Kl. 20.00 Messe p\u00e5 polsk<\/span><\/p>\n<p><span style=\"font-size: 12pt;\"><strong>L\u00f8rdag 15.03<\/strong><br \/>\nKl. 13.00 Messe p\u00e5 norsk<\/span><\/p>\n<p><span style=\"font-size: 14pt; color: #6600cc;\"><strong>S\u00f8ndag 16.03&nbsp; &nbsp;2.S\u00d8NDAG I FASTEN<\/strong><\/span><br \/>\n<span style=\"font-size: 12pt;\">Kl. 09.00 Messe p\u00e5 polsk<\/span><br \/>\n<span style=\"font-size: 12pt;\">Kl. 11.00 H\u00f8ymesse<\/span><br \/>\n<span style=\"font-size: 12pt;\">Kl. 16.00 Messe p\u00e5 polsk<\/span><\/p>\n<p>&nbsp;<\/p>\n","protected":false},"excerpt":{"rendered":"<p>S\u00f8ndag 09.03&nbsp; &nbsp;1.S\u00d8NDAG I FASTEN Kl. 09.00 Messe p\u00e5 polsk Kl. 11.00 H\u00f8ymesse Kl. 16.00 Messe p\u00e5 polsk Kl. 18.00<\/p>\n","protected":false},"author":2,"featured_media":0,"comment_status":"closed","ping_status":"open","sticky":false,"template":"","format":"standard","meta":{"colormag_page_container_layout":"default_layout","colormag_page_sidebar_layout":"default_layout","ngg_post_thumbnail":0,"_jetpack_memberships_contains_paid_content":false,"footnotes":""},"categories":[5],"tags":[],"class_list":["post-16585","post","type-post","status-publish","format-standard","hentry","category-messetider"],"jetpack_featured_media_url":"","jetpack_sharing_enabled":true,"_links":{"self":[{"href":"https:\/\/drammen.katolsk.no\/index.php\/wp-json\/wp\/v2\/posts\/16585","targetHints":{"allow":["GET"]}}],"collection":[{"href":"https:\/\/drammen.katolsk.no\/index.php\/wp-json\/wp\/v2\/posts"}],"about":[{"href":"https:\/\/drammen.katolsk.no\/index.php\/wp-json\/wp\/v2\/types\/post"}],"author":[{"embeddable":true,"href":"https:\/\/drammen.katolsk.no\/index.php\/wp-json\/wp\/v2\/users\/2"}],"replies":[{"embeddable":true,"href":"https:\/\/drammen.katolsk.no\/index.php\/wp-json\/wp\/v2\/comments?post=16585"}],"version-history":[{"count":1,"href":"https:\/\/drammen.katolsk.no\/index.php\/wp-json\/wp\/v2\/posts\/16585\/revisions"}],"predecessor-version":[{"id":16586,"href":"https:\/\/drammen.katolsk.no\/index.php\/wp-json\/wp\/v2\/posts\/16585\/revisions\/16586"}],"wp:attachment":[{"href":"https:\/\/drammen.katolsk.no\/index.php\/wp-json\/wp\/v2\/media?parent=16585"}],"wp:term":[{"taxonomy":"category","embeddable":true,"href":"https:\/\/drammen.katolsk.no\/index.php\/wp-json\/wp\/v2\/categories?post=16585"},{"taxonomy":"post_tag","embeddable":true,"href":"https:\/\/drammen.katolsk.no\/index.php\/wp-json\/wp\/v2\/tags?post=16585"}],"curies":[{"name":"wp","href":"https:\/\/api.w.org\/{rel}","templated":true}]}}