{"id":16695,"date":"2025-04-12T16:47:19","date_gmt":"2025-04-12T14:47:19","guid":{"rendered":"https:\/\/drammen.katolsk.no\/?p=16695"},"modified":"2025-10-06T22:39:13","modified_gmt":"2025-10-06T20:39:13","slug":"stille-uke-og-paske-2025","status":"publish","type":"post","link":"https:\/\/drammen.katolsk.no\/index.php\/2025\/04\/12\/stille-uke-og-paske-2025\/","title":{"rendered":"Stille Uke og P\u00e5ske 2025"},"content":{"rendered":"<p style=\"text-align: center;\"><span style=\"color: #ff0000;\"><strong><span style=\"font-size: 14pt;\">13. APRIL 2025 &#8211; PALMES\u00d8NDAG<\/span><\/strong><\/span><br \/>\n<span style=\"font-size: 12pt;\"><strong>9.00<\/strong> Messe p\u00e5 polsk<\/span><br \/>\n<span style=\"font-size: 12pt;\"><strong>10.30<\/strong> \u00d8kumenisk samling og palmeprosesjon fra Bragernes kirke<\/span><br \/>\n<span style=\"font-size: 12pt;\"><strong>11.00<\/strong>&nbsp;Palmes\u00f8ndags h\u00f8ymesse<\/span><br \/>\n<span style=\"font-size: 12pt;\"><strong>16.00<\/strong> Messe p\u00e5 polsk<\/span><br \/>\n<span style=\"font-size: 12pt;\"><strong>18.00<\/strong> Messe p\u00e5 litauisk<\/span><\/p>\n<p style=\"text-align: center;\"><span style=\"font-size: 14pt; color: #320000;\"><strong>14. APRIL\u2013 MANDAG I DEN STILLE UKE<\/strong><\/span><br \/>\n<span style=\"font-size: 12pt;\"><strong>18.00<\/strong> Messe p\u00e5 norsk<\/span><br \/>\n<span style=\"font-size: 12pt;\"><strong>19.00<\/strong> Retret og messe p\u00e5 vietnamesisk<\/span><\/p>\n<p style=\"text-align: center;\"><span style=\"font-size: 14pt; color: #320000;\"><strong>15. APRIL \u2013 TIRSDAG I DEN STILLE UKE<\/strong><\/span><br \/>\n<span style=\"color: #cc6600;\"><strong><span style=\"font-size: 12pt;\">Ingen messe i sognekirke<\/span><\/strong><\/span><\/p>\n<p style=\"text-align: center;\"><span style=\"font-size: 14pt; color: #320000;\"><strong>16. APRIL \u2013 ONSDAG I DEN STILLE UKE<\/strong><\/span><br \/>\n<span style=\"font-size: 12pt;\"><strong>18.00<\/strong> Messe p\u00e5 norsk<\/span><br \/>\n<span style=\"font-size: 12pt;\"><strong>18.30 \u2013 22.00<\/strong> Skriftem\u00e5l p\u00e5 polsk<\/span><\/p>\n<p style=\"text-align: center;\"><span style=\"color: #ff0000;\"><strong><span style=\"font-size: 14pt;\">17. APRIL \u2013 SKJ\u00c6RTORSDAG<\/span><\/strong><\/span><br \/>\n<span style=\"font-size: 12pt;\"><strong>16.00<\/strong> Feiring p\u00e5 polsk<\/span><br \/>\n<span style=\"font-size: 12pt;\"><strong>18.00<\/strong> Feiring av Herrens Nattverd<\/span><br \/>\n<span style=\"font-size: 12pt;\">Etter messen eukaristisk tilbedelse av nasjonale grupper til midnatt<br \/>\n<span style=\"color: #004c99;\">20.00 Tilbedelse p\u00e5 vietnamesisk<\/span><br \/>\n<span style=\"color: #004c99;\">20.30 Tilbedelse p\u00e5 afrikansk spr\u00e5k<\/span><br \/>\n<span style=\"color: #004c99;\">21.00 Tilbedelse p\u00e5 engelsk\/tangalo<\/span><br \/>\n<span style=\"color: #004c99;\">21.30 Tilbedelse p\u00e5 polsk<\/span><br \/>\n<\/span><\/p>\n<p style=\"text-align: center;\"><span style=\"font-size: 14pt; color: #ff0000;\"><strong>18. APRIL \u2013 LANGFREDAG<\/strong><\/span><br \/>\n<span style=\"font-size: 12pt;\"><strong>09.00<\/strong> Tenebrae<\/span><br \/>\n<span style=\"font-size: 12pt;\"><strong>15.00<\/strong> Liturgi p\u00e5 norsk<\/span><br \/>\n<span style=\"font-size: 12pt;\"><strong>16.30<\/strong>&nbsp;Menighetens felles korsvei (gjenomf\u00f8rt p\u00e5 forskjellige spr\u00e5k)<br \/>\n<\/span><br \/>\n<span style=\"font-size: 12pt;\"><strong>18.00<\/strong> Liturgi p\u00e5 polsk &amp; B\u00f8nn ved Herrens grav<\/span><\/p>\n<p style=\"text-align: center;\"><span style=\"font-size: 14pt; color: #ff0000;\"><strong>19. APRIL \u2013 P\u00c5SKEVIGILIEN<\/strong><\/span><br \/>\n<span style=\"font-size: 12pt;\"><strong>07.30<\/strong> Tenebrae<\/span><br \/>\n<span style=\"font-size: 12pt;\"><strong>10.00 \u2013 12.00<\/strong> Polsk velsignelse av p\u00e5skemat<\/span><br \/>\n<span style=\"font-size: 12pt;\"><strong>18.00<\/strong> P\u00e5skeliturgi p\u00e5 polsk<\/span><br \/>\n<span style=\"font-size: 12pt;\"><strong>21.30<\/strong> P\u00e5skenattliturgi p\u00e5 norsk<\/span><\/p>\n<p style=\"text-align: center;\"><span style=\"color: #ff0000;\"><strong><span style=\"font-size: 14pt;\">20. APRIL \u2013 P\u00c5SKES\u00d8NDAG<\/span><\/strong><\/span><br \/>\n<span style=\"font-size: 12pt;\"><strong>07.00<\/strong> P\u00e5skemesse p\u00e5 polsk<\/span><br \/>\n<span style=\"font-size: 12pt;\"><strong>11.00<\/strong>&nbsp;P\u00e5skeh\u00f8ymesse<\/span><br \/>\n<span style=\"font-size: 12pt;\"><strong>16.00<\/strong> P\u00e5skemesse p\u00e5 polsk<\/span><\/p>\n<p style=\"text-align: center;\"><span style=\"font-size: 14pt;\"><strong>21. APRIL &#8211; ANNEN P\u00c5SKEDAG<\/strong><\/span><br \/>\n<span style=\"font-size: 12pt;\"><strong>09.00<\/strong> Messe p\u00e5 polsk<\/span><br \/>\n<span style=\"font-size: 12pt;\"><strong>11.00<\/strong> H\u00f8ymesse<\/span><\/p>\n<p>&nbsp;<\/p>\n<p>&nbsp;<\/p>\n","protected":false},"excerpt":{"rendered":"<p>13. APRIL 2025 &#8211; PALMES\u00d8NDAG 9.00 Messe p\u00e5 polsk 10.30 \u00d8kumenisk samling og palmeprosesjon fra Bragernes kirke 11.00&nbsp;Palmes\u00f8ndags h\u00f8ymesse 16.00<\/p>\n","protected":false},"author":2,"featured_media":0,"comment_status":"closed","ping_status":"open","sticky":false,"template":"","format":"standard","meta":{"colormag_page_container_layout":"default_layout","colormag_page_sidebar_layout":"default_layout","ngg_post_thumbnail":0,"_jetpack_memberships_contains_paid_content":false,"footnotes":""},"categories":[5],"tags":[],"class_list":["post-16695","post","type-post","status-publish","format-standard","hentry","category-messetider"],"jetpack_featured_media_url":"","jetpack_sharing_enabled":true,"_links":{"self":[{"href":"https:\/\/drammen.katolsk.no\/index.php\/wp-json\/wp\/v2\/posts\/16695","targetHints":{"allow":["GET"]}}],"collection":[{"href":"https:\/\/drammen.katolsk.no\/index.php\/wp-json\/wp\/v2\/posts"}],"about":[{"href":"https:\/\/drammen.katolsk.no\/index.php\/wp-json\/wp\/v2\/types\/post"}],"author":[{"embeddable":true,"href":"https:\/\/drammen.katolsk.no\/index.php\/wp-json\/wp\/v2\/users\/2"}],"replies":[{"embeddable":true,"href":"https:\/\/drammen.katolsk.no\/index.php\/wp-json\/wp\/v2\/comments?post=16695"}],"version-history":[{"count":8,"href":"https:\/\/drammen.katolsk.no\/index.php\/wp-json\/wp\/v2\/posts\/16695\/revisions"}],"predecessor-version":[{"id":17544,"href":"https:\/\/drammen.katolsk.no\/index.php\/wp-json\/wp\/v2\/posts\/16695\/revisions\/17544"}],"wp:attachment":[{"href":"https:\/\/drammen.katolsk.no\/index.php\/wp-json\/wp\/v2\/media?parent=16695"}],"wp:term":[{"taxonomy":"category","embeddable":true,"href":"https:\/\/drammen.katolsk.no\/index.php\/wp-json\/wp\/v2\/categories?post=16695"},{"taxonomy":"post_tag","embeddable":true,"href":"https:\/\/drammen.katolsk.no\/index.php\/wp-json\/wp\/v2\/tags?post=16695"}],"curies":[{"name":"wp","href":"https:\/\/api.w.org\/{rel}","templated":true}]}}