{"id":19143,"date":"2026-09-04T20:58:03","date_gmt":"2026-09-04T18:58:03","guid":{"rendered":"https:\/\/drammen.katolsk.no\/?p=19143"},"modified":"2026-09-04T20:58:03","modified_gmt":"2026-09-04T18:58:03","slug":"menighetens-kalender-uke-37","status":"publish","type":"post","link":"https:\/\/drammen.katolsk.no\/index.php\/2026\/09\/04\/menighetens-kalender-uke-37\/","title":{"rendered":"Menighetens kalender uke 37"},"content":{"rendered":"<p><a href=\"https:\/\/drammen.katolsk.no\/wp-content\/uploads\/2018\/03\/admin-ajax.jpg\"><img loading=\"lazy\" decoding=\"async\" class=\"alignnone size-thumbnail wp-image-3645\" src=\"https:\/\/drammen.katolsk.no\/wp-content\/uploads\/2018\/03\/admin-ajax-150x150.jpg\" alt=\"\" width=\"100\" height=\"100\" srcset=\"https:\/\/drammen.katolsk.no\/wp-content\/uploads\/2018\/03\/admin-ajax-150x150.jpg 150w, https:\/\/drammen.katolsk.no\/wp-content\/uploads\/2018\/03\/admin-ajax-60x60.jpg 60w\" sizes=\"auto, (max-width: 100px) 100vw, 100px\" \/><\/a><\/p>\n<p><span style=\"font-size: 14pt; color: #008000;\"><strong>S\u00f8ndag 06.09 23. s\u00f8ndag i det alminnelige kirke\u00e5r&nbsp;<\/strong><\/span><br \/>\nKl. 09.00 Messe p\u00e5 polsk&nbsp;<br \/>\nKl. 11.00 H\u00f8ymesse&nbsp;<br \/>\nKl. 13.00 Messe p\u00e5 vietnamesisk<br \/>\nKl. 16.00 Messe p\u00e5 polsk<\/p>\n<p><strong>Mandag 07.09<\/strong><br \/>\nKl. 18.00 Messe p\u00e5 norsk<\/p>\n<p><span style=\"color: #993300;\"><strong>Tirsdag 08.09 Jomfru Marias f\u00f8dselsdag&nbsp;<\/strong><\/span><br \/>\nKl. 18.00 H\u00f8ymesse<\/p>\n<p><strong>Onsdag 09.09<\/strong><br \/>\n<span style=\"color: #800080;\"><strong>Kl. 18.00 Den h\u00f8ytidelige requiemmessen for Kong Harald V.<\/strong><\/span><br \/>\n&nbsp;<br \/>\n<strong>Torsdag 10.09<\/strong><br \/>\nKl. 18.00 Messe p\u00e5 latin etterfulgt av sakramenttilbedelse<\/p>\n<p><strong>Fredag 11.09<\/strong><br \/>\nKl. 18.00 Messe p\u00e5 norsk&nbsp;<br \/>\nKl. 19.15 Messe p\u00e5 polsk med sakramenttilbedelse<\/p>\n<p><strong>L\u00f8rdag 12.09<\/strong><br \/>\n<strong><span style=\"color: #993300;\">Kl. 10.00 Katekese&nbsp;<\/span><\/strong><br \/>\nKl. 13.00 Messe p\u00e5 norsk&nbsp;<br \/>\nKl. 16.00 Messe p\u00e5 spansk<\/p>\n<p><span style=\"color: #008000;\"><strong><span style=\"font-size: 14pt;\">S\u00f8ndag 13.09&nbsp; 24. s\u00f8ndag i det alminnelige kirke\u00e5r&nbsp;<\/span><\/strong><\/span><br \/>\nKl. 09.00 Messe p\u00e5 polsk&nbsp;<br \/>\nKl. 11.00 H\u00f8ymesse&nbsp;<br \/>\nKl. 16.00 Messe p\u00e5 polsk&nbsp;<br \/>\nKl. 18.00 Messe p\u00e5 litauisk<\/p>\n<p><span style=\"color: #ff0000;\"><strong>Mandag 14.09 Festen for Korsets opph\u00f8yelse&nbsp;<\/strong><\/span><br \/>\nKl. 18.00 H\u00f8ymesse<\/p>\n<p><strong><span style=\"color: #993300;\">Det er mulighet for skriftem\u00e5l en halvtime f\u00f8r alle messer.<\/span><\/strong><\/p>\n","protected":false},"excerpt":{"rendered":"<p>S\u00f8ndag 06.09 23. s\u00f8ndag i det alminnelige kirke\u00e5r&nbsp; Kl. 09.00 Messe p\u00e5 polsk&nbsp; Kl. 11.00 H\u00f8ymesse&nbsp; Kl. 13.00 Messe p\u00e5<\/p>\n","protected":false},"author":2,"featured_media":0,"comment_status":"closed","ping_status":"open","sticky":false,"template":"","format":"standard","meta":{"colormag_page_container_layout":"default_layout","colormag_page_sidebar_layout":"default_layout","ngg_post_thumbnail":0,"_jetpack_newsletter_access":"","_jetpack_dont_email_post_to_subs":false,"_jetpack_newsletter_tier_id":0,"_jetpack_memberships_contains_paywalled_content":false,"_jetpack_memberships_contains_paid_content":false,"footnotes":""},"categories":[5],"tags":[],"class_list":["post-19143","post","type-post","status-publish","format-standard","hentry","category-ukekalender"],"jetpack_sharing_enabled":true,"jetpack_featured_media_url":"","_links":{"self":[{"href":"https:\/\/drammen.katolsk.no\/index.php\/wp-json\/wp\/v2\/posts\/19143","targetHints":{"allow":["GET"]}}],"collection":[{"href":"https:\/\/drammen.katolsk.no\/index.php\/wp-json\/wp\/v2\/posts"}],"about":[{"href":"https:\/\/drammen.katolsk.no\/index.php\/wp-json\/wp\/v2\/types\/post"}],"author":[{"embeddable":true,"href":"https:\/\/drammen.katolsk.no\/index.php\/wp-json\/wp\/v2\/users\/2"}],"replies":[{"embeddable":true,"href":"https:\/\/drammen.katolsk.no\/index.php\/wp-json\/wp\/v2\/comments?post=19143"}],"version-history":[{"count":1,"href":"https:\/\/drammen.katolsk.no\/index.php\/wp-json\/wp\/v2\/posts\/19143\/revisions"}],"predecessor-version":[{"id":19144,"href":"https:\/\/drammen.katolsk.no\/index.php\/wp-json\/wp\/v2\/posts\/19143\/revisions\/19144"}],"wp:attachment":[{"href":"https:\/\/drammen.katolsk.no\/index.php\/wp-json\/wp\/v2\/media?parent=19143"}],"wp:term":[{"taxonomy":"category","embeddable":true,"href":"https:\/\/drammen.katolsk.no\/index.php\/wp-json\/wp\/v2\/categories?post=19143"},{"taxonomy":"post_tag","embeddable":true,"href":"https:\/\/drammen.katolsk.no\/index.php\/wp-json\/wp\/v2\/tags?post=19143"}],"curies":[{"name":"wp","href":"https:\/\/api.w.org\/{rel}","templated":true}]}}