{"id":3603,"date":"2018-02-25T21:16:11","date_gmt":"2018-02-25T20:16:11","guid":{"rendered":"http:\/\/drammen.katolsk.no\/?p=3603"},"modified":"2018-02-25T21:17:46","modified_gmt":"2018-02-25T20:17:46","slug":"kvinnenes-internasjonale-bonnedag-2018","status":"publish","type":"post","link":"https:\/\/drammen.katolsk.no\/index.php\/2018\/02\/25\/kvinnenes-internasjonale-bonnedag-2018\/","title":{"rendered":"Kvinnenes Internasjonale B\u00f8nnedag 2018"},"content":{"rendered":"<p><span style=\"font-size: 12pt;\">Samlingen finner sted <strong>fredag, 2. Mars kl. 11.30<\/strong><br \/>\np\u00e5 <strong>Frelsesarmeen i Drammen,&nbsp; Thornegt. 2<\/strong>, (lokalet ligger i omr\u00e5det bak r\u00e5dhuset).<\/span><\/p>\n<p><span style=\"font-size: 12pt;\">\u00c5rets motto: Alt Gud gj\u00f8r er godt.<\/span><\/p>\n<p><span style=\"font-size: 12pt;\">Opplegget er i \u00e5r utarbeidet av en kvinnegruppe i Surinam, S\u00f8r Amerika.<\/span><\/p>\n<p><span style=\"font-size: 12pt;\">Denne verdensvide b\u00f8nnebevegelsen er \u00f8kumenisk og startet i 1887.<br \/>\nB\u00f8nnegrupper fra mer enn 170 land deltar. Mange katolikker er med.<\/span><\/p>\n<p><span style=\"font-size: 12pt;\">Alle er hjertelig velkommen!<\/span><\/p>\n<p><a href=\"\/vedlegg\/KvinnenesInternasjonaleB\u00f8nnedag2018.pdf\" target=\"_blank\" rel=\"noopener\"><img loading=\"lazy\" decoding=\"async\" class=\"alignnone wp-image-3604\" src=\"https:\/\/drammen.katolsk.no\/WordPress\/wp-content\/uploads\/2018\/02\/KvinnenesInternasjonaleB\u00f8nnedag2018a.png\" alt=\"\" width=\"335\" height=\"253\" data-id=\"3604\" srcset=\"https:\/\/drammen.katolsk.no\/wp-content\/uploads\/2018\/02\/KvinnenesInternasjonaleB\u00f8nnedag2018a.png 969w, https:\/\/drammen.katolsk.no\/wp-content\/uploads\/2018\/02\/KvinnenesInternasjonaleB\u00f8nnedag2018a-300x227.png 300w, https:\/\/drammen.katolsk.no\/wp-content\/uploads\/2018\/02\/KvinnenesInternasjonaleB\u00f8nnedag2018a-768x581.png 768w, https:\/\/drammen.katolsk.no\/wp-content\/uploads\/2018\/02\/KvinnenesInternasjonaleB\u00f8nnedag2018a-956x723.png 956w\" sizes=\"auto, (max-width: 335px) 100vw, 335px\" \/><\/a><\/p>\n<p>&nbsp;<\/p>\n","protected":false},"excerpt":{"rendered":"<p>Samlingen finner sted fredag, 2. Mars kl. 11.30 p\u00e5 Frelsesarmeen i Drammen,&nbsp; Thornegt. 2, (lokalet ligger i omr\u00e5det bak r\u00e5dhuset).<\/p>\n","protected":false},"author":2,"featured_media":0,"comment_status":"closed","ping_status":"open","sticky":false,"template":"","format":"standard","meta":{"colormag_page_container_layout":"default_layout","colormag_page_sidebar_layout":"default_layout","ngg_post_thumbnail":0,"_jetpack_memberships_contains_paid_content":false,"footnotes":""},"categories":[10],"tags":[],"class_list":["post-3603","post","type-post","status-publish","format-standard","hentry","category-kunngjoringer"],"jetpack_featured_media_url":"","jetpack_sharing_enabled":true,"_links":{"self":[{"href":"https:\/\/drammen.katolsk.no\/index.php\/wp-json\/wp\/v2\/posts\/3603","targetHints":{"allow":["GET"]}}],"collection":[{"href":"https:\/\/drammen.katolsk.no\/index.php\/wp-json\/wp\/v2\/posts"}],"about":[{"href":"https:\/\/drammen.katolsk.no\/index.php\/wp-json\/wp\/v2\/types\/post"}],"author":[{"embeddable":true,"href":"https:\/\/drammen.katolsk.no\/index.php\/wp-json\/wp\/v2\/users\/2"}],"replies":[{"embeddable":true,"href":"https:\/\/drammen.katolsk.no\/index.php\/wp-json\/wp\/v2\/comments?post=3603"}],"version-history":[{"count":4,"href":"https:\/\/drammen.katolsk.no\/index.php\/wp-json\/wp\/v2\/posts\/3603\/revisions"}],"predecessor-version":[{"id":3608,"href":"https:\/\/drammen.katolsk.no\/index.php\/wp-json\/wp\/v2\/posts\/3603\/revisions\/3608"}],"wp:attachment":[{"href":"https:\/\/drammen.katolsk.no\/index.php\/wp-json\/wp\/v2\/media?parent=3603"}],"wp:term":[{"taxonomy":"category","embeddable":true,"href":"https:\/\/drammen.katolsk.no\/index.php\/wp-json\/wp\/v2\/categories?post=3603"},{"taxonomy":"post_tag","embeddable":true,"href":"https:\/\/drammen.katolsk.no\/index.php\/wp-json\/wp\/v2\/tags?post=3603"}],"curies":[{"name":"wp","href":"https:\/\/api.w.org\/{rel}","templated":true}]}}