{"id":9184,"date":"2020-10-10T19:45:15","date_gmt":"2020-10-10T17:45:15","guid":{"rendered":"http:\/\/drammen.katolsk.no\/?p=9184"},"modified":"2020-10-10T00:13:45","modified_gmt":"2020-10-09T22:13:45","slug":"menighetens-kalender-uke-42-4","status":"publish","type":"post","link":"https:\/\/drammen.katolsk.no\/index.php\/2020\/10\/10\/menighetens-kalender-uke-42-4\/","title":{"rendered":"Menighetens kalender uke 42"},"content":{"rendered":"<p><span style=\"font-size: 12pt; color: #cc0000;\"><strong>I oktoberm\u00e5ned bes rosenkrans etter alle daglige messer<\/strong> <\/span><br \/>\n<span style=\"color: #009900;\"><strong><span style=\"font-size: 12pt;\"><span style=\"font-size: 14pt;\">S\u00f8ndag 11.10 28. S\u00d8NDAG I DET ALMINNELIGE KIRKE\u00c5R<\/span> <\/span><\/strong><\/span><br \/>\n<span style=\"font-size: 12pt;\">Kl 09.00 Messe p\u00e5 polsk<\/span><br \/>\n<span style=\"font-size: 12pt;\">Kl 11.00 H\u00f8ymesse<\/span><br \/>\n<span style=\"font-size: 12pt;\">Kl 13.00 Messe p\u00e5 engelsk<\/span><br \/>\n<span style=\"font-size: 12pt;\">Kl 16.30 Messe p\u00e5 polsk<\/span><br \/>\n<span style=\"font-size: 12pt;\">Kl 18.00 Messe p\u00e5 litauisk<\/span><\/p>\n<p><span style=\"font-size: 12pt;\"><strong>Mandag 12.10<\/strong><br \/>\nKl 18.00 Messe p\u00e5 norsk<\/span><\/p>\n<p><span style=\"font-size: 12pt;\"><strong>Tirsdag 13.10<\/strong><br \/>\nKl 18.00 Messe p\u00e5 norsk<\/span><\/p>\n<p><span style=\"font-size: 12pt;\"><strong>Onsdag 14.10<\/strong><br \/>\nKl 18.00 Messe p\u00e5 norsk<\/span><\/p>\n<p><strong><span style=\"font-size: 12pt;\">Torsdag 15.10 Den hellige Teresa av Avila<\/span><\/strong><br \/>\n<span style=\"font-size: 12pt;\">Kl 18.00 Messe etterfulgt av tilbedelse<\/span><\/p>\n<p><span style=\"font-size: 12pt;\"><strong>Fredag 16.10<\/strong><br \/>\nKl 18.00 Messe p\u00e5 norsk<\/span><\/p>\n<p><strong><span style=\"font-size: 12pt;\">L\u00f8rdag 17.10 Den hellige Ignatius av Antiokia<\/span><\/strong><br \/>\n<span style=\"font-size: 12pt;\">Kl 13.00 S\u00f8ndagsmesse p\u00e5 norsk<\/span><br \/>\n<span style=\"font-size: 12pt;\">Kl 19.00 S\u00f8ndagsmesse p\u00e5 polsk<\/span><\/p>\n<p><span style=\"font-size: 14pt; color: #009900;\"><strong>S\u00f8ndag 18.10 29. S\u00d8NDAG I DET ALMINNELIGE KIRKE\u00c5R<\/strong> <\/span><br \/>\n<span style=\"color: #ff0000; font-size: 14pt;\"><strong>Missjonss\u00f8ndag<\/strong><\/span><br \/>\n<span style=\"font-size: 12pt;\">Kl 09.00 Messe p\u00e5 polsk<\/span><br \/>\n<span style=\"font-size: 12pt;\">Kl 11.00 H\u00f8ymesse<\/span><br \/>\n<span style=\"font-size: 12pt;\">Kl 13.00 Messe p\u00e5 engelsk<\/span><br \/>\n<span style=\"font-size: 12pt;\">Kl 16.30 Messe p\u00e5 polsk<\/span><\/p>\n","protected":false},"excerpt":{"rendered":"<p>I oktoberm\u00e5ned bes rosenkrans etter alle daglige messer S\u00f8ndag 11.10 28. S\u00d8NDAG I DET ALMINNELIGE KIRKE\u00c5R Kl 09.00 Messe p\u00e5<\/p>\n","protected":false},"author":2,"featured_media":0,"comment_status":"closed","ping_status":"open","sticky":false,"template":"","format":"standard","meta":{"colormag_page_container_layout":"default_layout","colormag_page_sidebar_layout":"default_layout","ngg_post_thumbnail":0,"_jetpack_memberships_contains_paid_content":false,"footnotes":""},"categories":[31],"tags":[],"class_list":["post-9184","post","type-post","status-publish","format-standard","hentry","category-ukens-kalender"],"jetpack_featured_media_url":"","jetpack_sharing_enabled":true,"_links":{"self":[{"href":"https:\/\/drammen.katolsk.no\/index.php\/wp-json\/wp\/v2\/posts\/9184","targetHints":{"allow":["GET"]}}],"collection":[{"href":"https:\/\/drammen.katolsk.no\/index.php\/wp-json\/wp\/v2\/posts"}],"about":[{"href":"https:\/\/drammen.katolsk.no\/index.php\/wp-json\/wp\/v2\/types\/post"}],"author":[{"embeddable":true,"href":"https:\/\/drammen.katolsk.no\/index.php\/wp-json\/wp\/v2\/users\/2"}],"replies":[{"embeddable":true,"href":"https:\/\/drammen.katolsk.no\/index.php\/wp-json\/wp\/v2\/comments?post=9184"}],"version-history":[{"count":1,"href":"https:\/\/drammen.katolsk.no\/index.php\/wp-json\/wp\/v2\/posts\/9184\/revisions"}],"predecessor-version":[{"id":9185,"href":"https:\/\/drammen.katolsk.no\/index.php\/wp-json\/wp\/v2\/posts\/9184\/revisions\/9185"}],"wp:attachment":[{"href":"https:\/\/drammen.katolsk.no\/index.php\/wp-json\/wp\/v2\/media?parent=9184"}],"wp:term":[{"taxonomy":"category","embeddable":true,"href":"https:\/\/drammen.katolsk.no\/index.php\/wp-json\/wp\/v2\/categories?post=9184"},{"taxonomy":"post_tag","embeddable":true,"href":"https:\/\/drammen.katolsk.no\/index.php\/wp-json\/wp\/v2\/tags?post=9184"}],"curies":[{"name":"wp","href":"https:\/\/api.w.org\/{rel}","templated":true}]}}