{"id":9531,"date":"2020-10-22T17:16:25","date_gmt":"2020-10-22T15:16:25","guid":{"rendered":"http:\/\/drammen.katolsk.no\/?p=9531"},"modified":"2020-10-24T14:47:42","modified_gmt":"2020-10-24T12:47:42","slug":"temakveld","status":"publish","type":"post","link":"https:\/\/drammen.katolsk.no\/index.php\/2020\/10\/22\/temakveld\/","title":{"rendered":"Temakveld"},"content":{"rendered":"<p><span style=\"font-size: 12pt;\"><strong><span style=\"font-size: 14pt;\"><img loading=\"lazy\" decoding=\"async\" class=\"size-full wp-image-9532 alignleft\" src=\"https:\/\/drammen.katolsk.no\/WordPress\/wp-content\/uploads\/2020\/10\/tema_2010.jpg\" alt=\"\" width=\"140\" height=\"140\" data-id=\"9532\">Katolsk Grovbr\u00f8d Drammen<\/span><br \/>\n<\/strong><\/span><\/p>\n<p><strong><span style=\"font-size: 12pt;\">Temakvelder<\/span><\/strong><\/p>\n<p><span style=\"font-size: 12pt;\"><strong>Tirsdag 27. oktober<\/strong> etter messe og rosenkrans (ca. kl. 19.00). Tema: &laquo;\u00c9n, hellig, katolsk og apostolisk Kirke &#8211; Kirkens tilstand etter 20 \u00e5rhundrer&raquo;.<\/span><br \/>\n<span style=\"font-size: 12pt;\">Foredragsholder: Morten Egeberg, kirkelig assistent og kateket i St. Laurentius menighet, Drammen.<\/span><\/p>\n<p><span style=\"font-size: 12pt;\"><strong>Tirsdag 24. november<\/strong> etter messe (ca kl. 18.30). Tema: &laquo;Maria m\u00f8y den reine&raquo; &#8211; om Maria i norsk tradisjon.<\/span><br \/>\n<span style=\"font-size: 12pt;\">Foredragsholder: Ragnhild H. Aadland H\u00f8en. Katolikk, skribent og kommunikasjonsr\u00e5dgiver p\u00e5 MF vitenskapelige h\u00f8gskole.<\/span><\/p>\n<p><span style=\"font-size: 12pt;\">Les mer <\/span><a style=\"font-size: 12pt;\" href=\"https:\/\/drammen.katolsk.no\/WordPress\/wp-content\/uploads\/2020\/10\/plakat-grovbrod-22-okt2020.pdf\" target=\"_blank\" rel=\"noopener noreferrer\">her.<\/a><\/p>\n","protected":false},"excerpt":{"rendered":"<p>Katolsk Grovbr\u00f8d Drammen Temakvelder Tirsdag 27. oktober etter messe og rosenkrans (ca. kl. 19.00). Tema: &laquo;\u00c9n, hellig, katolsk og apostolisk<\/p>\n","protected":false},"author":16,"featured_media":0,"comment_status":"closed","ping_status":"open","sticky":false,"template":"","format":"standard","meta":{"colormag_page_container_layout":"default_layout","colormag_page_sidebar_layout":"default_layout","ngg_post_thumbnail":0,"_jetpack_memberships_contains_paid_content":false,"footnotes":""},"categories":[10],"tags":[],"class_list":["post-9531","post","type-post","status-publish","format-standard","hentry","category-kunngjoringer"],"jetpack_featured_media_url":"","jetpack_sharing_enabled":true,"_links":{"self":[{"href":"https:\/\/drammen.katolsk.no\/index.php\/wp-json\/wp\/v2\/posts\/9531","targetHints":{"allow":["GET"]}}],"collection":[{"href":"https:\/\/drammen.katolsk.no\/index.php\/wp-json\/wp\/v2\/posts"}],"about":[{"href":"https:\/\/drammen.katolsk.no\/index.php\/wp-json\/wp\/v2\/types\/post"}],"author":[{"embeddable":true,"href":"https:\/\/drammen.katolsk.no\/index.php\/wp-json\/wp\/v2\/users\/16"}],"replies":[{"embeddable":true,"href":"https:\/\/drammen.katolsk.no\/index.php\/wp-json\/wp\/v2\/comments?post=9531"}],"version-history":[{"count":9,"href":"https:\/\/drammen.katolsk.no\/index.php\/wp-json\/wp\/v2\/posts\/9531\/revisions"}],"predecessor-version":[{"id":9548,"href":"https:\/\/drammen.katolsk.no\/index.php\/wp-json\/wp\/v2\/posts\/9531\/revisions\/9548"}],"wp:attachment":[{"href":"https:\/\/drammen.katolsk.no\/index.php\/wp-json\/wp\/v2\/media?parent=9531"}],"wp:term":[{"taxonomy":"category","embeddable":true,"href":"https:\/\/drammen.katolsk.no\/index.php\/wp-json\/wp\/v2\/categories?post=9531"},{"taxonomy":"post_tag","embeddable":true,"href":"https:\/\/drammen.katolsk.no\/index.php\/wp-json\/wp\/v2\/tags?post=9531"}],"curies":[{"name":"wp","href":"https:\/\/api.w.org\/{rel}","templated":true}]}}